{"id":20562,"date":"2012-03-15T13:02:24","date_gmt":"2012-03-15T12:02:24","guid":{"rendered":"https:\/\/www.esteri.it\/sala_stampa\/archivionotizie\/comunicati\/2012\/03\/20120315_marorapiti\/"},"modified":"2012-03-15T13:02:24","modified_gmt":"2012-03-15T12:02:24","slug":"20120315_marorapiti","status":"publish","type":"post","link":"https:\/\/www.esteri.it\/it\/sala_stampa\/archivionotizie\/approfondimenti\/2012\/03\/20120315_marorapiti\/","title":{"rendered":"MARO\u2019 E \u201cRAPITI\u201d:  Terzi, \u201cl\u2019impegno \u00e8 portarli a casa\u201d"},"content":{"rendered":"<p><P>L\u2019 \u201cinformativa\u201d del Ministro Giulio Terzi alla Camera, dopo quella al Senato, mette in condizione il Parlamento di conoscere la linea seguita dal governo per le due vicende, Nigeria e Mar\u00f2, e pi\u00f9 in generale per gli italiani ancora in mano ai rapitori: \u201c trasparenza\u201d sulle procedure che il governo intende adottare e \u201ccondivisione\u201d con il Parlamento delle informazioni di cui il governo dispone. Tutto questo nell\u2019impegno costante di raggiungere l\u2019obiettivo di riportare a casa i due mar\u00f2 detenuti in India e gli altri italiani \u201crapiti\u201d. Terzi, al Senato come alla Camera ha anche sottolineato che \u201cper svolgere bene questi compiti delicati e complessi occorrono stanziamenti adeguati. Dobbiamo quindi trovarli per garantire la sicurezza dei nostri connazionali nel mondo\u201d. Le risorse della Farnesina \u2013 ha precisato il Ministro \u2013 \u201csono in diminuzione pi\u00f9 forte e rapida di quanto comunemente si ritenga anche da parte di osservatori informati. La perdita del personale \u00e8 stata superiore al 40% in soli 4 anni. Negli ultimi 2 anni &#8211; ha precisato &#8211; il personale di ruolo \u00e8 diminuito di circa 1000 unit\u00e0. Altre 1300 unit\u00e0, su un totale di 4900 impiegati di ruolo, saranno perse nel 2012 e 2013 per effetto del blocco del turnover e per altri motivi. Gli stanziamenti di bilancio per l\u2019Unit\u00e0 di crisi \u2013 ha ricordato il Ministro &#8211; sono diminuiti da oltre 7,5 milioni di euro del 2006 a circa 5 milioni nel 2011, e le integrazioni attribuite al decreto missioni si sono ridotte da 15 milioni nel 2009 agli 11 attuali, di cui 10 assorbiti dalle missioni di protezione e scorta.\u201d<\/P><br \/>\n<P>Terzi, dopo aver riferito anche alla Camera, i vari momenti della dinamica della vicenda del blitz in Nigeria con particolare riferimento alla tempistica delle comunicazioni tra Italia e Gran Bretagna, ha confermato che il collega britannico William Hague, con il quale ha stabilito di \u201ccondividere tutte le informazioni per facilitare la ricostruzione\u201d del blitz , sar\u00e0 a Roma il 22 marzo prossimo, mentre ha dato alcune informazioni relative alla vicenda mar\u00f2: oggi si terr\u00e0 un&#8217;altra udienza dell&#8217;Alta Corte del Kerala, \u201cma pensiamo non sia ancora conclusiva\u201d; le autorit\u00e0 italiane sono inoltre \u201cancora in attesa della perizia balistica\u201d sulle pallottole che hanno colpito i due pescatori indiani della cui morte sono accusati i due fucilieri del Battaglione San Marco detenuti in India.<\/P><\/p>\n","protected":false},"excerpt":{"rendered":"L\u2019 \u201cinformativa\u201d del Ministro Giulio Terzi alla Camera, dopo quella al Senato, mette in condizione il Parlamento di conoscere la linea seguita dal governo per le due vicende, Nigeria e Mar\u00f2, e pi\u00f9 in generale per gli italiani ancora in mano ai rapitori: \u201c trasparenza\u201d sulle procedure che il governo intende adottare e \u201ccondivisione\u201d con [&hellip;]","protected":false},"author":1,"featured_media":0,"comment_status":"","ping_status":"","sticky":false,"template":"","format":"standard","meta":{"footnotes":""},"categories":[2],"tags":[31,45,42],"class_list":["post-20562","post","type-post","status-publish","format-standard","hentry","category-approfondimenti","tag-africa","tag-asia-e-oceania","tag-unione-europea"],"_links":{"self":[{"href":"https:\/\/www.esteri.it\/it\/wp-json\/wp\/v2\/posts\/20562","targetHints":{"allow":["GET"]}}],"collection":[{"href":"https:\/\/www.esteri.it\/it\/wp-json\/wp\/v2\/posts"}],"about":[{"href":"https:\/\/www.esteri.it\/it\/wp-json\/wp\/v2\/types\/post"}],"author":[{"embeddable":true,"href":"https:\/\/www.esteri.it\/it\/wp-json\/wp\/v2\/users\/1"}],"replies":[{"embeddable":true,"href":"https:\/\/www.esteri.it\/it\/wp-json\/wp\/v2\/comments?post=20562"}],"version-history":[{"count":0,"href":"https:\/\/www.esteri.it\/it\/wp-json\/wp\/v2\/posts\/20562\/revisions"}],"wp:attachment":[{"href":"https:\/\/www.esteri.it\/it\/wp-json\/wp\/v2\/media?parent=20562"}],"wp:term":[{"taxonomy":"category","embeddable":true,"href":"https:\/\/www.esteri.it\/it\/wp-json\/wp\/v2\/categories?post=20562"},{"taxonomy":"post_tag","embeddable":true,"href":"https:\/\/www.esteri.it\/it\/wp-json\/wp\/v2\/tags?post=20562"}],"curies":[{"name":"wp","href":"https:\/\/api.w.org\/{rel}","templated":true}]}}