{"id":20580,"date":"2012-03-14T13:28:57","date_gmt":"2012-03-14T12:28:57","guid":{"rendered":"https:\/\/www.esteri.it\/sala_stampa\/archivionotizie\/comunicati\/2012\/03\/20120314_maro_e_rapiti\/"},"modified":"2012-03-14T13:28:57","modified_gmt":"2012-03-14T12:28:57","slug":"20120314_maro_e_rapiti","status":"publish","type":"post","link":"https:\/\/www.esteri.it\/it\/sala_stampa\/archivionotizie\/approfondimenti\/2012\/03\/20120314_maro_e_rapiti\/","title":{"rendered":"MARO\u2019 E \u201cRAPITI\u2019\u2019: \u201cL\u2019impegno \u00e8 portarli a casa\u2019\u2019 &#8211; Terzi al Parlamento, \u201crisorse Farnesina in diminuzione forte e rapida\u2019\u2019"},"content":{"rendered":"<p><P>L\u2019&#8221;informativa&#8221; del Ministro Giulio Terzi alla Camera, dopo quella al Senato, mette in condizione il Parlamento di conoscere la linea seguita dal governo per le due vicende, Nigeria e Mar\u00f2, e pi\u00f9 in generale per gli italiani ancora in mano ai rapitori: \u2018\u2019 trasparenza\u2019\u2019 sulle procedure che il governo intende adottare e \u2018\u2019condivisione\u2019\u2019 con il Parlamento delle informazioni di cui il governo dispone. Tutto questo nell\u2019impegno costante di raggiungere l\u2019obiettivo di riportare a casa i due mar\u00f2 detenuti in India e gli altri italiani \u2018\u2019rapiti\u2019\u2019. Terzi , al Senato come alla Camera ha anche sottolineato che \u2018\u2019per svolgere bene questi compiti delicati e complessi occorrono stanziamenti adeguati. Dobbiamo quindi trovarli per garantire la sicurezza dei nostri connazionali nel mondo&#8221;. Le risorse della Farnesina \u2013 ha precisato il Ministro &#8211; \u2018\u2019sono in diminuzione pi\u00f9 forte e rapida di quanto comunemente si ritenga anche da parte di osservatori informati. La perdita del personale \u00e8 stata superiore al 40% in soli 4 anni. Negli ultimi 2 anni &#8211; ha precisato &#8211; il personale di ruolo \u00e8 diminuito di circa 1000 unit\u00e0. Altre 1300 unit\u00e0, su un totale di 4900 impiegati di ruolo, saranno perse nel 2012 e 2013 per effetto del blocco del turnover e per altri motivi&#8221;. Gli stanziamenti di bilancio per l\u2019Unit\u00e0 di crisi \u2013 ha ricordato il Ministro &#8211; sono diminuiti da oltre 7,5 milioni di euro del 2006 a circa 5 milioni nel 2011, e le integrazioni attribuite al decreto missioni si sono ridotte da 15 milioni nel 2009 agli 11 attuali, di cui 10 assorbiti dalle missioni di protezione e scorta. \u2018\u2019<\/P><br \/>\n<P>Terzi, dopo aver riferito anche alla Camera, i vari momenti della dinamica della vicenda del blitz in Nigeria con particolare riferimento alla tempistica delle comunicazioni tra Italia e Gran Bretagna, ha confermato che il collega britannico William Hague, con il quale ha stabilito di &#8220;condividere tutte le informazioni per facilitare la ricostruzione&#8221; del blitz , sar\u00e0 a Roma nei prossimi giorni, mentre ha dato alcune informazioni relative alla vicenda mar\u00f2\u2019: domani si terr\u00e0 un&#8217;altra udienza dell&#8217;Alta Corte del Kerala, &#8220;ma pensiamo non sia ancora conclusiva&#8221;; le autorit\u00e0 italiane sono inoltre &#8220;ancora in attesa della perizia balistica&#8221; sulle pallottole che hanno colpito i due pescatori indiani della cui morte sono accusati i due fucilieri del Battaglione San Marco detenuti in India.<\/P><br \/>\n<P><STRONG>ORE 11.00 &#8211; NIGERIA: Terzi alla Camera, Italia-GB ancora insieme contro terrorismo. Hague nei prossimi giorni a Roma<\/STRONG> <\/P><br \/>\n<P>&#8220;Italia e Gran Bretagna continueranno a lavorare fianco a fianco nella lotta al terrorismo &#8220;sulla base dell&#8217; ottima&#8221; collaborazione sul piano internazionale. Lo ha detto il Ministro Terzi, nell&#8217;informativa alla Camera sulla morte di Franco Lamolinara. Terzi ha poi confermato che il collega britannico William Hague, con il quale ha stabilito di &#8220;condividere tutte le informazioni per facilitare la ricostruzione&#8221; del blitz in Nigeria, sar\u00e0 a Roma nei prossimi giorni.<\/P><br \/>\n<P><STRONG>ORE 11.45 \u2013 Mar\u00f2: Terzi alla Camera, domani udienza Kerala, non sar\u00e0 conclusiva. \u2018\u2019Siamo ancora in attesa della prova balistica\u2019\u2019<\/STRONG><\/P><br \/>\n<P>Domani si terr\u00e0 un&#8217;altra udienza dell&#8217;Alta Corte del Kerala sulla giurisdizione del caso dei due mar\u00f2, &#8220;ma pensiamo non sia ancora conclusiva&#8221;. Lo ha detto il Ministro Terzi, in aula alla Camera, aggiungendo che le autorit\u00e0 italiane sono inoltre &#8220;ancora in attesa della perizia balistica&#8221; sulle pallottole che hanno colpito i due pescatori indiani della cui morte sono accusati i due fucilieri del Battaglione San Marco detenuti in India.<\/P><br \/>\n<P><STRONG>ORE 12.00 &#8211; MARO\u2019: Terzi alla Camera, sostegno e vicinanza delle Istituzioni e del Paese<\/STRONG><\/P><br \/>\n<P>&#8220;Nulla come la grandissima dignit\u00e0 e il profondo senso dello Stato&#8221; dei due mar\u00f2 detenuti in India e incontrati il 28 febbraio &#8220;mi ha confermato che quella di recarmi in India era la scelta giusta&#8221;. Lo ha detto il Ministro Terzi alla Camera, ribadendo che &#8220;\u00e8 nostro dovere mostrare ai due mar\u00f2 il sostegno e la vicinanza delle istituzioni e del Paese in un momento cos\u00ec difficile&#8221;.<\/P><\/p>\n","protected":false},"excerpt":{"rendered":"L\u2019&#8221;informativa&#8221; del Ministro Giulio Terzi alla Camera, dopo quella al Senato, mette in condizione il Parlamento di conoscere la linea seguita dal governo per le due vicende, Nigeria e Mar\u00f2, e pi\u00f9 in generale per gli italiani ancora in mano ai rapitori: \u2018\u2019 trasparenza\u2019\u2019 sulle procedure che il governo intende adottare e \u2018\u2019condivisione\u2019\u2019 con il [&hellip;]","protected":false},"author":1,"featured_media":0,"comment_status":"","ping_status":"","sticky":false,"template":"","format":"standard","meta":{"footnotes":""},"categories":[2],"tags":[45,9,6,42],"class_list":["post-20580","post","type-post","status-publish","format-standard","hentry","category-approfondimenti","tag-asia-e-oceania","tag-europa","tag-mediterraneo-e-medio-oriente","tag-unione-europea"],"_links":{"self":[{"href":"https:\/\/www.esteri.it\/it\/wp-json\/wp\/v2\/posts\/20580","targetHints":{"allow":["GET"]}}],"collection":[{"href":"https:\/\/www.esteri.it\/it\/wp-json\/wp\/v2\/posts"}],"about":[{"href":"https:\/\/www.esteri.it\/it\/wp-json\/wp\/v2\/types\/post"}],"author":[{"embeddable":true,"href":"https:\/\/www.esteri.it\/it\/wp-json\/wp\/v2\/users\/1"}],"replies":[{"embeddable":true,"href":"https:\/\/www.esteri.it\/it\/wp-json\/wp\/v2\/comments?post=20580"}],"version-history":[{"count":0,"href":"https:\/\/www.esteri.it\/it\/wp-json\/wp\/v2\/posts\/20580\/revisions"}],"wp:attachment":[{"href":"https:\/\/www.esteri.it\/it\/wp-json\/wp\/v2\/media?parent=20580"}],"wp:term":[{"taxonomy":"category","embeddable":true,"href":"https:\/\/www.esteri.it\/it\/wp-json\/wp\/v2\/categories?post=20580"},{"taxonomy":"post_tag","embeddable":true,"href":"https:\/\/www.esteri.it\/it\/wp-json\/wp\/v2\/tags?post=20580"}],"curies":[{"name":"wp","href":"https:\/\/api.w.org\/{rel}","templated":true}]}}