{"id":20672,"date":"2012-03-07T14:47:41","date_gmt":"2012-03-07T13:47:41","guid":{"rendered":"https:\/\/www.esteri.it\/sala_stampa\/archivionotizie\/comunicati\/2012\/03\/20120307_izmir\/"},"modified":"2012-03-07T14:47:41","modified_gmt":"2012-03-07T13:47:41","slug":"20120307_izmir","status":"publish","type":"post","link":"https:\/\/www.esteri.it\/it\/sala_stampa\/archivionotizie\/approfondimenti\/2012\/03\/20120307_izmir\/","title":{"rendered":"Izmir: prima pietra dello stabilimento Ferrero a Manisa"},"content":{"rendered":"<p><P>Si \u00e8 svolta il 4 marzo scorso la cerimonia della &#8220;posa della prima pietra&#8221; dell&#8217;investimento che la Ferrero realizzer\u00e0 nel distretto Industriale di Manisa, citt\u00e0 a 30 km da Izmir. <\/P><br \/>\n<P>Gi\u00e0 presente sul mercato locale con diversi prodotti e in particolare la &#8220;Nutella&#8221;, la Ferrero ha deciso di produrre in Turchia per il mercato locale. L&#8217;investimento che sar\u00e0 operativo nei primi mesi del 2013 \u00e8 di 90 milioni di euro e si articoler\u00e0 su una superficie di 163 mila mq dove saranno assunti in partenza 200 lavoratori e prevede la produzione di diversi prodotti tradizionali Ferrero dei quali il 40% verr\u00e0 esportato. Di qui a breve, peraltro, la Ferrero inizier\u00e0 le assunzione del personale, ivi inclusi i quadri dirigenziali. <\/P><br \/>\n<P>La cerimonia si \u00e8 svolta alla presenza del Vice Primo Ministro Bulent Arin, il Presidente dell&#8217;agenzia per gli Investimenti Ilker Ayci e l&#8217;Ambasciatore Carlo Marsili, rappresentante della Ferrero per la Turchia. <\/P>Durante il suo intervento il Vice Primo Ministro ha tenuto a sottolineare come in questi ultimi anni la Turchia grazie alle grandi riforme normative effettuate abbia consolidato la fiducia degli imprenditori riuscendo cos\u00ec ad attirare ingenti capitali stranieri &#8211; mediamente pi\u00f9 di 15 miliardi di euro l&#8217;anno &#8211; e che in particolare il distretto industriale di Manisa sia oramai conosciuto in tutto il mondo ospitando grandi imprese come la Indesit, la Bitron e ora la Ferrero. Dal canto suo l&#8217;Ambasciatore Marsili ha affermato che la Ferrero intende estendere l&#8217;investimento anche nel sociale.<\/p>\n","protected":false},"excerpt":{"rendered":"Si \u00e8 svolta il 4 marzo scorso la cerimonia della &#8220;posa della prima pietra&#8221; dell&#8217;investimento che la Ferrero realizzer\u00e0 nel distretto Industriale di Manisa, citt\u00e0 a 30 km da Izmir. Gi\u00e0 presente sul mercato locale con diversi prodotti e in particolare la &#8220;Nutella&#8221;, la Ferrero ha deciso di produrre in Turchia per il mercato locale. [&hellip;]","protected":false},"author":1,"featured_media":0,"comment_status":"","ping_status":"","sticky":false,"template":"","format":"standard","meta":{"footnotes":""},"categories":[2],"tags":[6],"class_list":["post-20672","post","type-post","status-publish","format-standard","hentry","category-approfondimenti","tag-mediterraneo-e-medio-oriente"],"_links":{"self":[{"href":"https:\/\/www.esteri.it\/it\/wp-json\/wp\/v2\/posts\/20672","targetHints":{"allow":["GET"]}}],"collection":[{"href":"https:\/\/www.esteri.it\/it\/wp-json\/wp\/v2\/posts"}],"about":[{"href":"https:\/\/www.esteri.it\/it\/wp-json\/wp\/v2\/types\/post"}],"author":[{"embeddable":true,"href":"https:\/\/www.esteri.it\/it\/wp-json\/wp\/v2\/users\/1"}],"replies":[{"embeddable":true,"href":"https:\/\/www.esteri.it\/it\/wp-json\/wp\/v2\/comments?post=20672"}],"version-history":[{"count":0,"href":"https:\/\/www.esteri.it\/it\/wp-json\/wp\/v2\/posts\/20672\/revisions"}],"wp:attachment":[{"href":"https:\/\/www.esteri.it\/it\/wp-json\/wp\/v2\/media?parent=20672"}],"wp:term":[{"taxonomy":"category","embeddable":true,"href":"https:\/\/www.esteri.it\/it\/wp-json\/wp\/v2\/categories?post=20672"},{"taxonomy":"post_tag","embeddable":true,"href":"https:\/\/www.esteri.it\/it\/wp-json\/wp\/v2\/tags?post=20672"}],"curies":[{"name":"wp","href":"https:\/\/api.w.org\/{rel}","templated":true}]}}