{"id":20687,"date":"2012-03-06T15:07:38","date_gmt":"2012-03-06T14:07:38","guid":{"rendered":"https:\/\/www.esteri.it\/sala_stampa\/archivionotizie\/comunicati\/2012\/03\/20120306_agendaterzi\/"},"modified":"2012-03-06T15:07:38","modified_gmt":"2012-03-06T14:07:38","slug":"20120306_agendaterzi","status":"publish","type":"post","link":"https:\/\/www.esteri.it\/it\/sala_stampa\/archivionotizie\/approfondimenti\/2012\/03\/20120306_agendaterzi\/","title":{"rendered":"L\u2019agenda di Terzi: allargamento europeo e stabilit\u00e0 nel Corno d\u2019Africa"},"content":{"rendered":"<p><P>L\u2019allargamento europeo, dopo la concessione dello status di candidato alla Serbia, sar\u00e0 tra i temi in agenda dell\u2019incontro tra il Ministro Giulio Terzi ed il suo omologo e Vice Cancelliere austriaco Michael Spindelegger, il 7 marzo alla Farnesina. Lo ha reso noto il Capo del Servizio Stampa della Farnesina Giuseppe Manzo nel consueto briefing con la stampa per illustrare l\u2019agenda settimanale del Ministro.<\/P><br \/>\n<P>L\u2019arrivo a Roma Spindelegger &#8211; che vedr\u00e0 anche il Premier Monti &#8211; viene considerato \u201cmolto importante\u201d da Terzi nell\u2019ottica di \u201criprendere la consuetudine degli incontri\u201d con le autorit\u00e0 austriache iniziata nel 2009 e che adesso si vuole \u201crafforzare\u201d. L\u2019incontro con Terzi avverr\u00e0 a pochi giorni dalla concessione dello status di candidato all\u2019UE della Serbia sui cui Italia e Austria \u201channo collaborato\u201d, firmando tra le altre cose una lettera a tre insieme con la Gran Bretagna. Sar\u00e0 anche fatto il punto sui rapporti bilaterali, contraddistinti da un interscambio commerciale di 15 miliardi di euro negli ultimi due anni. <\/P><br \/>\n<P>Sempre il 7 marzo Terzi ricever\u00e0 il Vice Primo Ministro e Ministro degli Esteri etiope, Hailemariam Desalegn. L\u2019Italia \u2013 ha sottolineato Manzo \u2013 considera l\u2019Etiopia \u201cun punto di riferimento unico per la pace e la stabilit\u00e0 del Corno d\u2019Africa\u201d ed anche con Addis Abeba l\u2019Italia vuole \u201cdare regolarit\u00e0\u201d alle consultazioni bilaterali. Con l\u2019Etiopia l\u2019Italia ha un impegno di prima grandezza anche sul fronte della Cooperazione, che \u201csar\u00e0 mantenuto nonostante le difficolt\u00e0 finanziarie\u201d, ha assicurato Manzo. Si vogliono poi rafforzare i rapporti economici: l\u20198 marzo Confindustria ospiter\u00e0 una Country Presentation Etiopia in cui verranno illustrate le principali opportunit\u00e0 di business ed investimento nel mercato etiope. A seguire, verr\u00e0 realizzata una sessione di incontri bilaterali con aziende etiopi al seguito del Vice Primo Ministro.<\/P><br \/>\n<P>L\u20198 marzo Terzi sar\u00e0 a Belgrado per il Vertice Italo-Serbo a livello di Capi di Governo a cui parteciperanno anche i Ministri degli Esteri, Difesa, Interno, Sviluppo Economico e Ambiente. Tra i temi ovviamente l\u2019allargamento dell\u2019Ue alla Serbia, sui cui l\u2019Italia \u201cha sempre spinto\u201d nel quadro di rapporti bilaterali molto stretti. Il vertice dell\u20198 marzo sar\u00e0 un\u2019occasione per \u201crafforzare questi legami\u201d, che a livello economico ad esempio registrano un +15% su base annuale.<\/P><br \/>\n<P>Il 9 e 10 marzo a Copenaghen Terzi parteciper\u00e0 alla riunione informale del Ministri degli Esteri UE (formato Gymnich), dedicata tra l\u2019altro al tema dei diritti umani ed alla strategia europea di sicurezza.<\/P><\/p>\n","protected":false},"excerpt":{"rendered":"L\u2019allargamento europeo, dopo la concessione dello status di candidato alla Serbia, sar\u00e0 tra i temi in agenda dell\u2019incontro tra il Ministro Giulio Terzi ed il suo omologo e Vice Cancelliere austriaco Michael Spindelegger, il 7 marzo alla Farnesina. Lo ha reso noto il Capo del Servizio Stampa della Farnesina Giuseppe Manzo nel consueto briefing con [&hellip;]","protected":false},"author":1,"featured_media":0,"comment_status":"","ping_status":"","sticky":false,"template":"","format":"standard","meta":{"footnotes":""},"categories":[2],"tags":[31,9,42],"class_list":["post-20687","post","type-post","status-publish","format-standard","hentry","category-approfondimenti","tag-africa","tag-europa","tag-unione-europea"],"_links":{"self":[{"href":"https:\/\/www.esteri.it\/it\/wp-json\/wp\/v2\/posts\/20687","targetHints":{"allow":["GET"]}}],"collection":[{"href":"https:\/\/www.esteri.it\/it\/wp-json\/wp\/v2\/posts"}],"about":[{"href":"https:\/\/www.esteri.it\/it\/wp-json\/wp\/v2\/types\/post"}],"author":[{"embeddable":true,"href":"https:\/\/www.esteri.it\/it\/wp-json\/wp\/v2\/users\/1"}],"replies":[{"embeddable":true,"href":"https:\/\/www.esteri.it\/it\/wp-json\/wp\/v2\/comments?post=20687"}],"version-history":[{"count":0,"href":"https:\/\/www.esteri.it\/it\/wp-json\/wp\/v2\/posts\/20687\/revisions"}],"wp:attachment":[{"href":"https:\/\/www.esteri.it\/it\/wp-json\/wp\/v2\/media?parent=20687"}],"wp:term":[{"taxonomy":"category","embeddable":true,"href":"https:\/\/www.esteri.it\/it\/wp-json\/wp\/v2\/categories?post=20687"},{"taxonomy":"post_tag","embeddable":true,"href":"https:\/\/www.esteri.it\/it\/wp-json\/wp\/v2\/tags?post=20687"}],"curies":[{"name":"wp","href":"https:\/\/api.w.org\/{rel}","templated":true}]}}