{"id":20758,"date":"2012-02-29T12:23:23","date_gmt":"2012-02-29T11:23:23","guid":{"rendered":"https:\/\/www.esteri.it\/sala_stampa\/archivionotizie\/comunicati\/2012\/02\/20120229_parigi\/"},"modified":"2012-02-29T12:23:23","modified_gmt":"2012-02-29T11:23:23","slug":"20120229_parigi","status":"publish","type":"post","link":"https:\/\/www.esteri.it\/it\/sala_stampa\/archivionotizie\/approfondimenti\/2012\/02\/20120229_parigi\/","title":{"rendered":"Parigi: anteprima de \u2018La Certosa di Parma\u2019, coproduzione italo-francese"},"content":{"rendered":"<p><P>Alla presenza del Ministro della Cultura francese, Fr\u00e9d\u00e9ric Mitterrand, il 28 febbraio \u00e8 stata proiettata in anteprima presso l&#8217;Ambasciata d&#8217;Italia a Parigi \u201cLa Certosa di Parma\u201d, co-produzione italo-francese RAI Fiction &#8211; France T\u00e9l\u00e9vision, ispirata al celebre romanzo di Stendhal e realizzata nei luoghi originali descritti dall\u2019autore francese in Emilia Romagna e in Lombardia. <\/P><br \/>\n<P>La regista Cinzia TH Torrini e numerosi tra i protagonisti, tra cui Marie-Jos\u00e9 Croze e Hippolyte Girardot , cos\u00ec come importanti personalit\u00e0 della cultura e del giornalismo francese hanno preso parte alla serata organizzata dall&#8217;Ambasciatore d&#8217;Italia Giovanni Caracciolo di Vietri per celebrare questo ulteriore esempio di collaborazione economica e culturale tra Italia e Francia.<\/P><\/p>\n","protected":false},"excerpt":{"rendered":"Alla presenza del Ministro della Cultura francese, Fr\u00e9d\u00e9ric Mitterrand, il 28 febbraio \u00e8 stata proiettata in anteprima presso l&#8217;Ambasciata d&#8217;Italia a Parigi \u201cLa Certosa di Parma\u201d, co-produzione italo-francese RAI Fiction &#8211; France T\u00e9l\u00e9vision, ispirata al celebre romanzo di Stendhal e realizzata nei luoghi originali descritti dall\u2019autore francese in Emilia Romagna e in Lombardia. La regista [&hellip;]","protected":false},"author":1,"featured_media":0,"comment_status":"","ping_status":"","sticky":false,"template":"","format":"standard","meta":{"footnotes":""},"categories":[2],"tags":[32,9],"class_list":["post-20758","post","type-post","status-publish","format-standard","hentry","category-approfondimenti","tag-diplomazia-culturale","tag-europa"],"_links":{"self":[{"href":"https:\/\/www.esteri.it\/it\/wp-json\/wp\/v2\/posts\/20758","targetHints":{"allow":["GET"]}}],"collection":[{"href":"https:\/\/www.esteri.it\/it\/wp-json\/wp\/v2\/posts"}],"about":[{"href":"https:\/\/www.esteri.it\/it\/wp-json\/wp\/v2\/types\/post"}],"author":[{"embeddable":true,"href":"https:\/\/www.esteri.it\/it\/wp-json\/wp\/v2\/users\/1"}],"replies":[{"embeddable":true,"href":"https:\/\/www.esteri.it\/it\/wp-json\/wp\/v2\/comments?post=20758"}],"version-history":[{"count":0,"href":"https:\/\/www.esteri.it\/it\/wp-json\/wp\/v2\/posts\/20758\/revisions"}],"wp:attachment":[{"href":"https:\/\/www.esteri.it\/it\/wp-json\/wp\/v2\/media?parent=20758"}],"wp:term":[{"taxonomy":"category","embeddable":true,"href":"https:\/\/www.esteri.it\/it\/wp-json\/wp\/v2\/categories?post=20758"},{"taxonomy":"post_tag","embeddable":true,"href":"https:\/\/www.esteri.it\/it\/wp-json\/wp\/v2\/tags?post=20758"}],"curies":[{"name":"wp","href":"https:\/\/api.w.org\/{rel}","templated":true}]}}