{"id":20776,"date":"2012-02-27T16:52:22","date_gmt":"2012-02-27T15:52:22","guid":{"rendered":"https:\/\/www.esteri.it\/sala_stampa\/archivionotizie\/comunicati\/2012\/02\/20120227_consiglioministroesteri\/"},"modified":"2012-02-27T16:52:22","modified_gmt":"2012-02-27T15:52:22","slug":"20120227_consiglioministroesteri","status":"publish","type":"post","link":"https:\/\/www.esteri.it\/it\/sala_stampa\/archivionotizie\/approfondimenti\/2012\/02\/20120227_consiglioministroesteri\/","title":{"rendered":"UE: SIRIA; Terzi, per l\u2019Italia \u201ctregua umanitaria\u201d &#8211; UE, SERBIA; s\u00ec allo \u201cstatus\u201d di paese candidato"},"content":{"rendered":"<p><P>&#8220;Ho chiesto di lanciare una tregua umanitaria, di insistere al Consiglio di Sicurezza a New York affinch\u00e9 passi questa decisione che consenta di aprire il Paese e portare soccorsi a una popolazione che \u00e8 vittima di inaudite violenze&#8221;. Lo ha detto il Ministro Giulio Terzi, al termine del Consiglio degli Affari Esteri a Bruxelles che ha deciso il varo di un nuovo pacchetto di sanzioni contro il regime di Damasco e di riconoscere il Consiglio nazionale siriano come interlocutore legittimo.<\/P><br \/>\n<P>A Homs, la Croce rossa &#8211; ha detto Terzi &#8211; &#8220;non riesce neppure ad entrare. E&#8217; un momento estremamente critico. Ma dopo la Conferenza di Tunisi la coalizione politica dei paesi che sostengono il piano di azione della Lega araba si \u00e8 estremamente rafforzata e quindi esiste una condizione di carattere generale \u2013 ha sottolineato il Ministro &#8211; che va sempre di pi\u00f9 nella direzione di un abbandono del potere da parte di Assad, ma \u00e8 ancora tutto da vedere&#8221;. L&#8217;Italia \u2013 ha aggiunto Terzi &#8211; condivide il processo europeo delle sanzioni contro la Siria perch\u00e9 &#8220;non vi sono altre modalit\u00e0 se non quello dell&#8217;intervento militare, che nessuno si augura per il momento\u2019\u2019.<\/P><br \/>\n<P>Le nuove sanzioni colpiscono il settore finanziario ed economico, in particolare le transazioni della banca centrale siriana e l&#8217;export di metalli preziosi, come l&#8217;oro, e di diamanti. Misure restrittive sono imposte anche ai voli cargo. A 7 ministri, ritenuti colpevoli di avere violato le leggi internazionali umanitarie, sono stati bloccati i visti di ingresso nella Ue e congelati i beni. E&#8217; il dodicesimo pacchetto di sanzioni che i ministri esteri della Ue prendono contro il regime di Damasco.<\/P><br \/>\n<P>I ministri degli esteri dell\u2019Ue hanno, inoltre, concordato di concedere alla Serbia, cosi\u2019 come sostenuto da tempo dall\u2019Italia, lo status di Paese candidato all\u2019Ue. Un notevole passo avanti verso lo status di paese candidato la Serbia lo ha fatto con l&#8217;accordo di venerdi scorso con Pristina sulle modalit\u00e0 di partecipazione del Kosovo ai forum regionali. La decisione formale spetta martedi al consiglio affari generali e poi l&#8217;ufficializzazione ai capi di stato e di governo della Ue al vertice di gioved\u00ec prossimo.<\/P><br \/>\n<P>I ministri degli esteri hanno anche deciso di prolungare fino a fine dicembre 2014 il mandato della missione anti-pirati EuNavFor Atalanta. Nel darne notizia, i ministri si felicitano per i successi della missione che ha permesso di &#8220;prevenire e reprimere gli atti di pirateria e le rapine al largo della costa della Somalia, contribuendo anche alla sicurezza e all&#8217;attivit\u00e0 economica dei paesi della regione e della comunit\u00e0 internazionale nel suo insieme&#8221;. In discussione c&#8217;\u00e8 anche l&#8217;ipotesi di un allargamento del mandato della missione, limitato per ora al mare.<\/P><\/p>\n","protected":false},"excerpt":{"rendered":"&#8220;Ho chiesto di lanciare una tregua umanitaria, di insistere al Consiglio di Sicurezza a New York affinch\u00e9 passi questa decisione che consenta di aprire il Paese e portare soccorsi a una popolazione che \u00e8 vittima di inaudite violenze&#8221;. Lo ha detto il Ministro Giulio Terzi, al termine del Consiglio degli Affari Esteri a Bruxelles che [&hellip;]","protected":false},"author":1,"featured_media":0,"comment_status":"","ping_status":"","sticky":false,"template":"","format":"standard","meta":{"footnotes":""},"categories":[2],"tags":[9,6,42],"class_list":["post-20776","post","type-post","status-publish","format-standard","hentry","category-approfondimenti","tag-europa","tag-mediterraneo-e-medio-oriente","tag-unione-europea"],"_links":{"self":[{"href":"https:\/\/www.esteri.it\/it\/wp-json\/wp\/v2\/posts\/20776","targetHints":{"allow":["GET"]}}],"collection":[{"href":"https:\/\/www.esteri.it\/it\/wp-json\/wp\/v2\/posts"}],"about":[{"href":"https:\/\/www.esteri.it\/it\/wp-json\/wp\/v2\/types\/post"}],"author":[{"embeddable":true,"href":"https:\/\/www.esteri.it\/it\/wp-json\/wp\/v2\/users\/1"}],"replies":[{"embeddable":true,"href":"https:\/\/www.esteri.it\/it\/wp-json\/wp\/v2\/comments?post=20776"}],"version-history":[{"count":0,"href":"https:\/\/www.esteri.it\/it\/wp-json\/wp\/v2\/posts\/20776\/revisions"}],"wp:attachment":[{"href":"https:\/\/www.esteri.it\/it\/wp-json\/wp\/v2\/media?parent=20776"}],"wp:term":[{"taxonomy":"category","embeddable":true,"href":"https:\/\/www.esteri.it\/it\/wp-json\/wp\/v2\/categories?post=20776"},{"taxonomy":"post_tag","embeddable":true,"href":"https:\/\/www.esteri.it\/it\/wp-json\/wp\/v2\/tags?post=20776"}],"curies":[{"name":"wp","href":"https:\/\/api.w.org\/{rel}","templated":true}]}}