{"id":20779,"date":"2012-02-27T16:25:02","date_gmt":"2012-02-27T15:25:02","guid":{"rendered":"https:\/\/www.esteri.it\/sala_stampa\/archivionotizie\/comunicati\/2012\/02\/20120227_terziasia\/"},"modified":"2012-02-27T16:25:02","modified_gmt":"2012-02-27T15:25:02","slug":"20120227_terziasia","status":"publish","type":"post","link":"https:\/\/www.esteri.it\/it\/sala_stampa\/archivionotizie\/approfondimenti\/2012\/02\/20120227_terziasia\/","title":{"rendered":"Ore 12.00 &#8211; Italia-India: conferenza stampa congiunta Terzi- Krishna, vicenda maro\u2019 ma anche rafforzamento del partenariato strategico"},"content":{"rendered":"<p><P>La vicenda dei due maro\u2019 ma anche il rafforzamento del partenariato strategico tra Italia ed India sono stati al centro di un colloquio tra il Ministro Giulio Terzi e il suo omologo S.M. Krishna, cui e\u2019 seguita una conferenza stampa congiunta.<\/P><br \/>\n<P>&#8220;La giurisdizione della vicenda dei due mar\u00f2 \u00e8 italiana: Il fatto \u00e8 avvenuto in acque internazionali&#8221;, ha detto Terzi che ha auspicato che nella prosecuzione delle indagini si confermi \u2018\u2019lo spirito collaborativo e positivo che \u00e8 emerso sinora\u2019\u2019. I pescatori indiani e i due militari italiani \u2018\u2019sono vittime dello stesso nemico: la pirateria&#8221;, ha sottolineato Terzi. Il titolare della Farnesina ha espresso \u2018\u2019le condoglianze sue e del popolo italiano per la tragica morte dei due pescatori&#8221; auspicando che India e Italia continuino ad agire insieme per combattere il fenomeno della pirateria.<\/P><br \/>\n<P>Terzi ha spiegato che, per quanto la vicenda dei maro\u2019 , il \u2018\u2019senso\u2019\u2019 della sua presenza in India \u00e8 proseguire il lavoro cominciato dal Sottosegretario agli Esteri Staffan De Mistura e di tutto il personale dei ministeri coinvolti.<\/P><br \/>\n<P>Il Ministro Terzi, che e\u2019 accompagnato a Delhi da una folta delegazione di imprenditori italiani, incontrer\u00e0 anche il ministro dell\u2019Industria e del Commercio Anand Sharma.<\/P><br \/>\n<P><STRONG><BR>Ore 11.00 &#8211; Italia-India: Terzi, andr\u00f2 a Kochi a vedere i mar\u00f2. Porter\u00f2 il saluto di Napolitano e Monti<\/STRONG><\/STRONG><\/P><br \/>\n<P>Il Ministro Giulio Terzi giunto a New Delhi ha detto che incontrer\u00e0 oggi pomeriggio nella guest house di Kochi, nel Kerala, i due militari italiani. &#8220;Il mio proposito fondamentale \u00e8 quello di vedere i nostri due militari a Kochi: partir\u00f2 subito dopo gli incontri con i ministri qui a Delhi e sono assolutamente intenzionato a trattare a fondo questa vicenda con le autorit\u00e0 indiane&#8221;, ha detto Terzi che ha aggiunto di portare ai due militari italiani \u201cil saluto e la rassicurazione del capo dello Stato Giorgio Napolitano e del premier Mario Monti&#8221;. Il Ministro ha sottolineato che intende \u201ctranquillizzare le famiglie dei due mar\u00f2 e far capire loro quanto il popolo italiano stia seguendo con apprensione la conclusione di questa vicenda\u201d, auspicando che la soluzione sia rapida, ma senza &#8220;farci illusioni sulle difficolt\u00e0 ci sono&#8221;.<\/P><br \/>\n<P><STRONG><BR>Terzi in Asia, prima tappa in India &#8211; Per rilanciare la diplomazia e l\u2019economia italiane<\/STRONG><\/STRONG><\/P><br \/>\n<P>Una visita programmata da tempo per rilanciare la diplomazia e l&#8217;economia italiane nel continente asiatico ma che, dopo le tensioni degli ultimi giorni, vede in cima all&#8217;agenda la vicenda dei due maro\u2019 italiani fermati nel Kerala. L\u2019intenso tour del Ministro in India, Vietnam, Singapore e Istanbul parte martedi 28 febbraio e si conclude sabato 3 marzo. Il titolare della Farnesina a New Delhi, far\u00e0 il punto della situazione con Staffan De Mistura, il sottosegretario con una lunga esperienza di mediazione internazionale inviato appositamente per sostenere la delegazione dei ministeri degli Esteri, Difesa e Giustizia che da giorni sta lavorando per risolvere la crisi. Terzi ha nei giorni scorsi ribadito pi\u00f9 volte che \u00e8 necessario rispettare i tempi della diplomazia senza &#8220;passi affrettati&#8221;. E anche di questo, probabilmente, parler\u00e0 nei suoi colloqui a New Delhi con il primo ministro Manmohan Singh e con l&#8217;omologo Somanahalli Mallaiah Krishna, con il quale nei giorni immediatamente successivi al fermo dei militari italiani Terzi ha gi\u00e0 avuto un colloquio telefonico.<\/P><br \/>\n<P>Piu\u2019 centrato sul tema dell&#8217;economia e dei rapporti commerciali, il focus della seconda tappa, quella in Vietnam. Ad Hanoi, mercoled\u00ec 29 febbraio, il capo della diplomazia italiana incontrer\u00e0 il Primo Ministro, Nguyen Tan Dung, e il Ministro degli Esteri, Pham Binh Minh. Il giorno dopo Terzi parteciper\u00e0 all&#8217;inaugurazione del secondo stabilimento produttivo della Piaggio Vinh Phuc, alla presenza del Presidente Roberto Colaninno. Economia e difesa saranno al centro dei colloqui che il Ministro degli Esteri avr\u00e0 a Singapore, gioved\u00ec 1 e venerd\u00ec 2 marzo, con il Primo Ministro Lee Hsein Loong, il vice Primo Ministro e Ministro delle Finanze Tharman Shanmugaratnam, il Ministro degli Esteri, K. Shanmugam, il Ministro della Difesa Ng Eng Hen. Infine, la tappa ad Istanbul, sabato 3 marzo. Qui Terzi interverr\u00e0 ad un convegno organizzato dall&#8217;Aspen Institute Italia sul tema dei cambiamenti geopolitici che stanno avvenendo in Medio Oriente, cui partecipa anche il Ministro degli Esteri turco Ahmet Davutoglu.<\/P><\/p>\n","protected":false},"excerpt":{"rendered":"La vicenda dei due maro\u2019 ma anche il rafforzamento del partenariato strategico tra Italia ed India sono stati al centro di un colloquio tra il Ministro Giulio Terzi e il suo omologo S.M. Krishna, cui e\u2019 seguita una conferenza stampa congiunta. &#8220;La giurisdizione della vicenda dei due mar\u00f2 \u00e8 italiana: Il fatto \u00e8 avvenuto in [&hellip;]","protected":false},"author":1,"featured_media":0,"comment_status":"","ping_status":"","sticky":false,"template":"","format":"standard","meta":{"footnotes":""},"categories":[2],"tags":[45,399],"class_list":["post-20779","post","type-post","status-publish","format-standard","hentry","category-approfondimenti","tag-asia-e-oceania","tag-vice-ministri-e-sottosegretari-precedenti"],"_links":{"self":[{"href":"https:\/\/www.esteri.it\/it\/wp-json\/wp\/v2\/posts\/20779","targetHints":{"allow":["GET"]}}],"collection":[{"href":"https:\/\/www.esteri.it\/it\/wp-json\/wp\/v2\/posts"}],"about":[{"href":"https:\/\/www.esteri.it\/it\/wp-json\/wp\/v2\/types\/post"}],"author":[{"embeddable":true,"href":"https:\/\/www.esteri.it\/it\/wp-json\/wp\/v2\/users\/1"}],"replies":[{"embeddable":true,"href":"https:\/\/www.esteri.it\/it\/wp-json\/wp\/v2\/comments?post=20779"}],"version-history":[{"count":0,"href":"https:\/\/www.esteri.it\/it\/wp-json\/wp\/v2\/posts\/20779\/revisions"}],"wp:attachment":[{"href":"https:\/\/www.esteri.it\/it\/wp-json\/wp\/v2\/media?parent=20779"}],"wp:term":[{"taxonomy":"category","embeddable":true,"href":"https:\/\/www.esteri.it\/it\/wp-json\/wp\/v2\/categories?post=20779"},{"taxonomy":"post_tag","embeddable":true,"href":"https:\/\/www.esteri.it\/it\/wp-json\/wp\/v2\/tags?post=20779"}],"curies":[{"name":"wp","href":"https:\/\/api.w.org\/{rel}","templated":true}]}}