{"id":20830,"date":"2012-02-22T13:30:25","date_gmt":"2012-02-22T12:30:25","guid":{"rendered":"https:\/\/www.esteri.it\/sala_stampa\/archivionotizie\/comunicati\/2012\/02\/20120222_forumansamed\/"},"modified":"2012-02-22T13:30:25","modified_gmt":"2012-02-22T12:30:25","slug":"20120222_forumansamed","status":"publish","type":"post","link":"https:\/\/www.esteri.it\/it\/sala_stampa\/archivionotizie\/approfondimenti\/2012\/02\/20120222_forumansamed\/","title":{"rendered":"Forum ANSAMed alla Farnesina: \u201cPrimavera araba\u201d e ruolo media nel dialogo euromediterraneo"},"content":{"rendered":"<p><P>ANSAMed, la redazione dell\u2019ANSA che si occupa di Mediterraneo, ospite della Farnesina, ha raccolto attorno ad un tavolo giornalisti europei e nordafricani per una riflessione sul ruolo dei media, ad un anno dalla \u201cPrimavera araba\u201d, una storia tutta da raccontare, una sfida anche per i giornalisti. Una storia che va seguita nella sua complessa evoluzione senza pregiudizi e nel rispetto delle soluzioni, anche istituzionali, che vengono liberamente individuate dai popoli, come ha sottolineato il Consigliere d\u2019Ambasciata, Carlo Schillaci, nel suo saluto ai partecipanti al forum. <\/P><br \/>\n<P>Ad un anno dalla \u201cPrimavera araba\u201d il confronto, alla Farnesina,fra cronisti italiani, francesi, egiziani, marocchini, greci, tunisini, palestinesi, inglesi \u00e8 avvenuto pi\u00f9 specificatamente, sul \u201cruolo dei media nel nuovo dialogo tra le due sponde del Mediterraneo\u201d.<\/P><br \/>\n<P>&#8220;I giornali hanno raccontato un mondo nuovo pi\u00f9 che in altre situazioni storiche&#8221;, ha detto il direttore dell&#8217;ANSA, Luigi Contu, che ha introdotto i lavori del forum. &#8220;La primavera araba non si \u00e8 conclusa, \u00e8 entrata nella sua fase pi\u00f9 interessante&#8221;, ha commentato il capo dell&#8217;Area internazionale dell&#8217;ANSA, Stefano Polli, che ha moderato il dibattito. Per Alberto Negri, inviato del Sole 24 Ore, pi\u00f9 che di rivoluzioni nel mondo arabo si dovrebbe parlare di cambi di regime: &#8220;La rivoluzione ti porta in un altro mondo, con altri valori. Sono cambiati i valori? Io direi di no&#8221;. Parere opposto quello dell&#8217;egiziano Mahdi El Nemr, giornalista da trent&#8217;anni in Italia, vicepresidente dell&#8217;Associazione stampa estera: &#8220;E&#8217; cambiato tutto con queste rivoluzioni. Noi ci vediamo diversamente, vediamo il mondo diversamente&#8230;. La gente \u00e8 fiduciosa di poter costruire una societ\u00e0 giusta\u2019\u2019. Sono nati nel frattempo i \u201cnew media\u201d e si sono diffusi i \u201csocial network\u201d che insieme con la stampa \u201ctradizionale\u201d hanno sostenuto ed accompagnato il cambiamento..Ma sulla sponda sud ci sono ancora paesi dove la censura \u00e8 forte. Annalisa Rapan\u00e0, inviata dell&#8217;ANSA in Siria, ha ricordato come in quel paese le informazioni vengano solo dalle due parti in lotta, regime e ribelli, e come sia impossibile verificarle in modo indipendente. L&#8217;inviato Rai Duilio Di Gianmaria ha lamentato come i media per motivi di spazio si limitino spesso a dare le notizie senza fornire gli elementi di contorno, che ti fanno capire davvero quello che succede. Un problema che ANSAmed ha ben presente, come ha sottolineato il suo responsabile Patrizio Nissirio, tanto \u00e8 vero che nel raccontare la primavera araba ha individuato due filoni: da un lato le notizie, dall&#8217;altro le storie, anche piccole, che cercano di spiegare le situazioni per meglio comprenderle.<\/P><\/p>\n","protected":false},"excerpt":{"rendered":"ANSAMed, la redazione dell\u2019ANSA che si occupa di Mediterraneo, ospite della Farnesina, ha raccolto attorno ad un tavolo giornalisti europei e nordafricani per una riflessione sul ruolo dei media, ad un anno dalla \u201cPrimavera araba\u201d, una storia tutta da raccontare, una sfida anche per i giornalisti. Una storia che va seguita nella sua complessa evoluzione [&hellip;]","protected":false},"author":1,"featured_media":0,"comment_status":"","ping_status":"","sticky":false,"template":"","format":"standard","meta":{"footnotes":""},"categories":[2],"tags":[6],"class_list":["post-20830","post","type-post","status-publish","format-standard","hentry","category-approfondimenti","tag-mediterraneo-e-medio-oriente"],"_links":{"self":[{"href":"https:\/\/www.esteri.it\/it\/wp-json\/wp\/v2\/posts\/20830","targetHints":{"allow":["GET"]}}],"collection":[{"href":"https:\/\/www.esteri.it\/it\/wp-json\/wp\/v2\/posts"}],"about":[{"href":"https:\/\/www.esteri.it\/it\/wp-json\/wp\/v2\/types\/post"}],"author":[{"embeddable":true,"href":"https:\/\/www.esteri.it\/it\/wp-json\/wp\/v2\/users\/1"}],"replies":[{"embeddable":true,"href":"https:\/\/www.esteri.it\/it\/wp-json\/wp\/v2\/comments?post=20830"}],"version-history":[{"count":0,"href":"https:\/\/www.esteri.it\/it\/wp-json\/wp\/v2\/posts\/20830\/revisions"}],"wp:attachment":[{"href":"https:\/\/www.esteri.it\/it\/wp-json\/wp\/v2\/media?parent=20830"}],"wp:term":[{"taxonomy":"category","embeddable":true,"href":"https:\/\/www.esteri.it\/it\/wp-json\/wp\/v2\/categories?post=20830"},{"taxonomy":"post_tag","embeddable":true,"href":"https:\/\/www.esteri.it\/it\/wp-json\/wp\/v2\/tags?post=20830"}],"curies":[{"name":"wp","href":"https:\/\/api.w.org\/{rel}","templated":true}]}}