{"id":20879,"date":"2012-02-17T12:32:54","date_gmt":"2012-02-17T11:32:54","guid":{"rendered":"https:\/\/www.esteri.it\/sala_stampa\/archivionotizie\/comunicati\/2012\/02\/20120217_nonaconf_dialogomediterraneoocc\/"},"modified":"2012-02-17T12:32:54","modified_gmt":"2012-02-17T11:32:54","slug":"20120217_nonaconf_dialogomediterraneoocc","status":"publish","type":"post","link":"https:\/\/www.esteri.it\/it\/sala_stampa\/archivionotizie\/approfondimenti\/2012\/02\/20120217_nonaconf_dialogomediterraneoocc\/","title":{"rendered":"Nona Conferenza del Dialogo nel Mediterraneo Occidentale"},"content":{"rendered":"<p><P>Lo stato dei rapporti regionali nel Mediterraneo sar\u00e0 al centro della Nona Conferenza dei Ministri degli Esteri del Dialogo nel Mediterraneo Occidentale (5+5), in programma luned\u00ec 20 febbraio a Roma (Villa Madama), cui seguir\u00e0 la Riunione FOROMED. La Conferenza sar\u00e0 co-presieduta dal Ministro Giulio Terzi e dal tunisino Rafik Ben Abdessalem. <\/P><br \/>\n<P>Il Mediterraneo rappresenta una priorit\u00e0 della politica estera italiana ed in questo senso la riunione del &#8216;Dialogo 5+5&#8217; avr\u00e0 &#8220;un carattere concreto e operativo&#8221; sui diversi temi in agenda (sicurezza regionale, flussi migratori, energia, tutela dell&#8217;ambiente, sviluppo), ha spiegato Terzi, sottolineando che nei Paesi della sponda sud del Mediterraneo &#8220;abbiamo registrato una forte domanda di Italia, di presenza del nostro Paese: \u00e8 un&#8217;esigenza delle classi politiche e degli operatori economici perch\u00e9 veniamo visti come il Paese che pu\u00f2 focalizzare meglio l&#8217;attenzione dell&#8217;Unione Europea verso la casa comune che \u00e8 il Mediterraneo&#8221;. E per aiutare le transizioni in corso nei paesi della Primavera araba, ha sottolineato Terzi, &#8220;occorre agire in fretta con aiuti concreti e strategie a lungo termine&#8221;.<\/P><br \/>\n<P>Nel pomeriggio dello stesso giorno la riunione sar\u00e0 allargata al formato Foromed, con l&#8217;Egitto, la Grecia e la Turchia.<\/P><\/p>\n","protected":false},"excerpt":{"rendered":"Lo stato dei rapporti regionali nel Mediterraneo sar\u00e0 al centro della Nona Conferenza dei Ministri degli Esteri del Dialogo nel Mediterraneo Occidentale (5+5), in programma luned\u00ec 20 febbraio a Roma (Villa Madama), cui seguir\u00e0 la Riunione FOROMED. La Conferenza sar\u00e0 co-presieduta dal Ministro Giulio Terzi e dal tunisino Rafik Ben Abdessalem. Il Mediterraneo rappresenta una [&hellip;]","protected":false},"author":1,"featured_media":0,"comment_status":"","ping_status":"","sticky":false,"template":"","format":"standard","meta":{"footnotes":""},"categories":[2],"tags":[6],"class_list":["post-20879","post","type-post","status-publish","format-standard","hentry","category-approfondimenti","tag-mediterraneo-e-medio-oriente"],"_links":{"self":[{"href":"https:\/\/www.esteri.it\/it\/wp-json\/wp\/v2\/posts\/20879","targetHints":{"allow":["GET"]}}],"collection":[{"href":"https:\/\/www.esteri.it\/it\/wp-json\/wp\/v2\/posts"}],"about":[{"href":"https:\/\/www.esteri.it\/it\/wp-json\/wp\/v2\/types\/post"}],"author":[{"embeddable":true,"href":"https:\/\/www.esteri.it\/it\/wp-json\/wp\/v2\/users\/1"}],"replies":[{"embeddable":true,"href":"https:\/\/www.esteri.it\/it\/wp-json\/wp\/v2\/comments?post=20879"}],"version-history":[{"count":0,"href":"https:\/\/www.esteri.it\/it\/wp-json\/wp\/v2\/posts\/20879\/revisions"}],"wp:attachment":[{"href":"https:\/\/www.esteri.it\/it\/wp-json\/wp\/v2\/media?parent=20879"}],"wp:term":[{"taxonomy":"category","embeddable":true,"href":"https:\/\/www.esteri.it\/it\/wp-json\/wp\/v2\/categories?post=20879"},{"taxonomy":"post_tag","embeddable":true,"href":"https:\/\/www.esteri.it\/it\/wp-json\/wp\/v2\/tags?post=20879"}],"curies":[{"name":"wp","href":"https:\/\/api.w.org\/{rel}","templated":true}]}}