{"id":20882,"date":"2012-02-17T11:46:33","date_gmt":"2012-02-17T10:46:33","guid":{"rendered":"https:\/\/www.esteri.it\/sala_stampa\/archivionotizie\/comunicati\/2012\/02\/20120217_siriaonu\/"},"modified":"2012-02-17T11:46:33","modified_gmt":"2012-02-17T10:46:33","slug":"20120217_siriaonu","status":"publish","type":"post","link":"https:\/\/www.esteri.it\/it\/sala_stampa\/archivionotizie\/approfondimenti\/2012\/02\/20120217_siriaonu\/","title":{"rendered":"Siria &#8211; risoluzione ONU condanna repressione &#8211; Terzi: segnale importante su ruolo Nazioni Unite e Lega Araba"},"content":{"rendered":"<p><P>Con 137 voti a favore, 12 contrari e 17 astenuti, l&#8217;Assemblea Generale delle Nazioni Unite ha approvato una risoluzione che condanna la repressione messa in atto dal regime di Bashar al Assad in Siria. Russia e Cina, dopo aver posto il veto per due volte in Consiglio di Sicurezza, hanno votato contro il testo presentato dall&#8217;Egitto in rappresentanza dei Paesi arabi e di altri settanta &#8216;co-sponsor&#8217;. No anche da parte di Nord Corea, Iran, Venezuela, Siria e Cuba.<\/P><br \/>\n<P>La risoluzione approvata dall&#8217;Assemblea Generale non ha potere vincolante come i documenti varati dal Consiglio di Sicurezza. Tuttavia, come ha rilevato il Ministro Giulio Terzi, &#8220;\u00e8 un segnale importante sul ruolo che le Nazioni Unite e la Lega Araba possono e debbono svolgere per la ricerca di soluzioni alla gravissima crisi in Siria&#8221;.<\/P><br \/>\n<P>&#8220;Al forte segnale politico che proviene dal massimo organismo multilaterale devono ora seguire evoluzioni concrete&#8221;, ha aggiunto Terzi, sottolineando che da parte italiana &#8220;si stanno intensificando l&#8217;azione di sostegno all&#8217;operato della Lega Araba&#8221; e gli sforzi volti a &#8220;favorire l&#8217;unit\u00e0 delle forze di opposizione siriane&#8221;, anche in vista degli importanti appuntamenti diplomatici dei prossimi giorni, tra cui la riunione a Roma del 5+5 e del Foromed e la riunione a Tunisi degli Amici della Siria.<\/P><br \/>\n<P>&#8220;Con il voto di ieri &#8211; ha proseguito Terzi &#8211; la comunit\u00e0 internazionale ha dimostrato che \u00e8 possibile mobilitarsi per isolare un regime che ha perso ogni credibilit\u00e0 e legittimit\u00e0. L&#8217;Italia prosegue il suo impegno, in stretto raccordo con i partner internazionali e gli attori regionali, affinch\u00e9 in Siria cessino le inaccettabili violazioni dei diritti umani e si avvii un processo politico che garantisca pacificamente la transizione alla democrazia, restituendo al popolo siriano la libert\u00e0 di decidere del proprio futuro&#8221;.<\/P><\/p>\n","protected":false},"excerpt":{"rendered":"Con 137 voti a favore, 12 contrari e 17 astenuti, l&#8217;Assemblea Generale delle Nazioni Unite ha approvato una risoluzione che condanna la repressione messa in atto dal regime di Bashar al Assad in Siria. Russia e Cina, dopo aver posto il veto per due volte in Consiglio di Sicurezza, hanno votato contro il testo presentato [&hellip;]","protected":false},"author":1,"featured_media":0,"comment_status":"","ping_status":"","sticky":false,"template":"","format":"standard","meta":{"footnotes":""},"categories":[2],"tags":[6,26],"class_list":["post-20882","post","type-post","status-publish","format-standard","hentry","category-approfondimenti","tag-mediterraneo-e-medio-oriente","tag-onu"],"_links":{"self":[{"href":"https:\/\/www.esteri.it\/it\/wp-json\/wp\/v2\/posts\/20882","targetHints":{"allow":["GET"]}}],"collection":[{"href":"https:\/\/www.esteri.it\/it\/wp-json\/wp\/v2\/posts"}],"about":[{"href":"https:\/\/www.esteri.it\/it\/wp-json\/wp\/v2\/types\/post"}],"author":[{"embeddable":true,"href":"https:\/\/www.esteri.it\/it\/wp-json\/wp\/v2\/users\/1"}],"replies":[{"embeddable":true,"href":"https:\/\/www.esteri.it\/it\/wp-json\/wp\/v2\/comments?post=20882"}],"version-history":[{"count":0,"href":"https:\/\/www.esteri.it\/it\/wp-json\/wp\/v2\/posts\/20882\/revisions"}],"wp:attachment":[{"href":"https:\/\/www.esteri.it\/it\/wp-json\/wp\/v2\/media?parent=20882"}],"wp:term":[{"taxonomy":"category","embeddable":true,"href":"https:\/\/www.esteri.it\/it\/wp-json\/wp\/v2\/categories?post=20882"},{"taxonomy":"post_tag","embeddable":true,"href":"https:\/\/www.esteri.it\/it\/wp-json\/wp\/v2\/tags?post=20882"}],"curies":[{"name":"wp","href":"https:\/\/api.w.org\/{rel}","templated":true}]}}