{"id":20920,"date":"2012-02-13T11:27:19","date_gmt":"2012-02-13T10:27:19","guid":{"rendered":"https:\/\/www.esteri.it\/sala_stampa\/archivionotizie\/comunicati\/2012\/02\/20120213_sirialegaaraba\/"},"modified":"2012-02-13T11:27:19","modified_gmt":"2012-02-13T10:27:19","slug":"20120213_sirialegaaraba","status":"publish","type":"post","link":"https:\/\/www.esteri.it\/it\/sala_stampa\/archivionotizie\/approfondimenti\/2012\/02\/20120213_sirialegaaraba\/","title":{"rendered":"SIRIA: l\u2019Italia, s\u00ec proposta Lega Araba &#8211; \u201cForza di pace\u201d congiunta con l\u2019Onu"},"content":{"rendered":"<p><P>L\u2019Italia &#8220;condivide l&#8217;urgenza di far cessare in Siria ogni forma di violenza ed a tal fine sostiene la proposta dell&#8217;invio in quel Paese di una forza di mantenimento della pace congiunta delle Nazioni Unite e della Lega Araba per verificare sul terreno l&#8217;applicazione di un cessate il fuoco&#8221;. Lo annuncia il Ministro Giulio Terzi che dopo aver &#8220;salutato con favore&#8221; l\u2019esito della riunione dei Ministri degli Esteri della Lega Araba svoltasi al Cairo, sottolinea che l\u2019Italia &#8220;continua a sostenere fortemente l&#8217;azione della Lega Araba per la ricerca di una soluzione pacifica e democratica alla crisi siriana&#8221;. Il titolare della Farnesina auspica che su queste indicazioni possa convergere, alle Nazioni Unite, il pi\u00f9 ampio consenso possibile della comunit\u00e0 internazionale.<\/P><br \/>\n<P>&#8220;Vi \u00e8 in particolare piena convergenza di vedute fra l&#8217;Italia e la Lega Araba &#8211; afferma Terzi &#8211; sulla necessit\u00e0 di assicurare un forte sostegno politico all&#8217;opposizione siriana. Incoraggiare il collegamento e l&#8217;unificazione tra le sue varie componenti &#8211; conclude Terzi &#8211; \u00e8 un&#8217;assoluta priorit\u00e0 affinch\u00e9 si avvii un processo politico siriano con il sostegno della comunit\u00e0 internazionale&#8221;.<\/P><br \/>\n<P>I Ministri degli esteri della Lega Araba oltre a invocare una &#8220;forza di pace&#8221; congiunta con l&#8217;Onu, hanno dato il loro via libera alla proposta della Tunisia di ospitare una conferenza degli &#8216;amici della Siria&#8217; il 24 febbraio, in vista della quale chiede all&#8217;opposizione siriana di unire i ranghi, assicurando l&#8217;apertura dei canali di comunicazione e sostegno politico e finanziario.<\/P><br \/>\n<P>La palla torna quindi di nuovo a New York con la consapevolezza che per trovare un&#8217;intesa occorre coinvolgere anche Russia e Cina. Da Mosca, in particolare, il Ministro degli esteri, Sergey Lavrov ha annunciato che sta esaminando la proposta della Lega Araba ma ha detto che serve prima un cessate il fuoco.<\/P><\/p>\n","protected":false},"excerpt":{"rendered":"L\u2019Italia &#8220;condivide l&#8217;urgenza di far cessare in Siria ogni forma di violenza ed a tal fine sostiene la proposta dell&#8217;invio in quel Paese di una forza di mantenimento della pace congiunta delle Nazioni Unite e della Lega Araba per verificare sul terreno l&#8217;applicazione di un cessate il fuoco&#8221;. Lo annuncia il Ministro Giulio Terzi che [&hellip;]","protected":false},"author":1,"featured_media":0,"comment_status":"","ping_status":"","sticky":false,"template":"","format":"standard","meta":{"footnotes":""},"categories":[2],"tags":[6,26],"class_list":["post-20920","post","type-post","status-publish","format-standard","hentry","category-approfondimenti","tag-mediterraneo-e-medio-oriente","tag-onu"],"_links":{"self":[{"href":"https:\/\/www.esteri.it\/it\/wp-json\/wp\/v2\/posts\/20920","targetHints":{"allow":["GET"]}}],"collection":[{"href":"https:\/\/www.esteri.it\/it\/wp-json\/wp\/v2\/posts"}],"about":[{"href":"https:\/\/www.esteri.it\/it\/wp-json\/wp\/v2\/types\/post"}],"author":[{"embeddable":true,"href":"https:\/\/www.esteri.it\/it\/wp-json\/wp\/v2\/users\/1"}],"replies":[{"embeddable":true,"href":"https:\/\/www.esteri.it\/it\/wp-json\/wp\/v2\/comments?post=20920"}],"version-history":[{"count":0,"href":"https:\/\/www.esteri.it\/it\/wp-json\/wp\/v2\/posts\/20920\/revisions"}],"wp:attachment":[{"href":"https:\/\/www.esteri.it\/it\/wp-json\/wp\/v2\/media?parent=20920"}],"wp:term":[{"taxonomy":"category","embeddable":true,"href":"https:\/\/www.esteri.it\/it\/wp-json\/wp\/v2\/categories?post=20920"},{"taxonomy":"post_tag","embeddable":true,"href":"https:\/\/www.esteri.it\/it\/wp-json\/wp\/v2\/tags?post=20920"}],"curies":[{"name":"wp","href":"https:\/\/api.w.org\/{rel}","templated":true}]}}