{"id":20933,"date":"2012-02-09T12:34:20","date_gmt":"2012-02-09T11:34:20","guid":{"rendered":"https:\/\/www.esteri.it\/sala_stampa\/archivionotizie\/comunicati\/2012\/02\/20120209_siriatutelapopolazione\/"},"modified":"2012-02-09T12:34:20","modified_gmt":"2012-02-09T11:34:20","slug":"20120209_siriatutelapopolazione","status":"publish","type":"post","link":"https:\/\/www.esteri.it\/it\/sala_stampa\/archivionotizie\/approfondimenti\/2012\/02\/20120209_siriatutelapopolazione\/","title":{"rendered":"Siria: Terzi, obiettivo Italia tutela popolazione &#8211; Resta operativa l\u2019Ambasciata a Damasco, in contatto con italiani"},"content":{"rendered":"<p><P>&#8220;Non ci sono motivi reconditi&#8221; dietro l&#8217;impegno dell&#8217;Italia nella crisi siriana, ma &#8220;la sola motivazione di tutelare la popolazione, trovare una soluzione politica che rispetti la dignit\u00e0 dell&#8217;uomo e porti un cambiamento profondo nel Paese&#8221;. Lo ha detto il ministro degli Esteri, Giulio Terzi, in un&#8217;audizione in Parlamento prima di partire per Washington dove il Presidente del Consiglio, Mario Monti avr\u00e0 colloqui con il Presidente degli Stati Uniti Barack Obama. La crisi siriana \u00e8 uno dei temi nell&#8217;agenda dei colloqui: il Ministro Terzi ne parler\u00e0 con il Segretario di Stato Usa Hillary Clinton. L\u2019Ambasciata italiana a Damasco &#8220;rimane pienamente operativa allo scopo di monitorare, in continuo contatto con l&#8217;Unit\u00e0 di Crisi della Farnesina, l&#8217;evoluzione della situazione in Siria e viene assicurato il costante collegamento con gli italiani ancora presenti sul territorio ed in raccordo con le altre Ambasciate Ue \u00e8 pronta a fornire l\u2019opportuna assistenza&#8221;.<\/P><br \/>\n<P>Non si ferma, dunque, l\u2019iniziativa diplomatica dell\u2019Italia per contribuire alla soluzione della crisi siriana sulla base di presupposti che tengono conto, in ordine prioritario, della dimensione regionale e del ruolo della Lega Araba. Presupposti che, come risulta dai numerosi colloqui del Ministro Giulio Terzi con i partner europei e di paesi della Regione, incontrano piena condivisione. Il Ministro Terzi, nel giro di telefonate con il Segretario Generale della Lega Araba, Nabil El Araby e con gli omologhi tedesco Guido Westerwelle e francese Alain Juppe\u2019, ha condiviso l\u2019iniziativa, da perseguire anche attraverso il coinvolgimento degli attori regionali, di appoggiare l\u2019opposizione siriana ma anche la necessit\u00e0 di intensificare la pressione sul regime di Damasco, articolando l&#8217;iniziativa della comunit\u00e0 internazionale su quattro ambiti di intervento. Oltre all\u2019appoggio all&#8217;opposizione siriana, mantenere il ruolo guida della Lega Araba, che &#8211; \u00e8 valutazione condivisa &#8211; merita un sostegno sempre maggiore da parte europea e inasprire il regime sanzionatorio da parte dell&#8217;Unione Europea. Infine, la ricerca di possibili ulteriori iniziative in sede Onu a New York. Il Ministro Terzi ha convenuto sia con il Segretario Generale El Araby, sia con i titolari del Quai d&#8217;Orsay e dell&#8217;Auswaertiges Amt di continuare a mantenere costanti contatti sugli sviluppi della crisi siriana. Piena sintonia anche affinch\u00e9 a New York sia mantenuto un costante coordinamento fra tutti i Paesi interessati ad una positiva soluzione della crisi siriana.<\/P><\/p>\n","protected":false},"excerpt":{"rendered":"&#8220;Non ci sono motivi reconditi&#8221; dietro l&#8217;impegno dell&#8217;Italia nella crisi siriana, ma &#8220;la sola motivazione di tutelare la popolazione, trovare una soluzione politica che rispetti la dignit\u00e0 dell&#8217;uomo e porti un cambiamento profondo nel Paese&#8221;. Lo ha detto il ministro degli Esteri, Giulio Terzi, in un&#8217;audizione in Parlamento prima di partire per Washington dove il [&hellip;]","protected":false},"author":1,"featured_media":0,"comment_status":"","ping_status":"","sticky":false,"template":"","format":"standard","meta":{"footnotes":""},"categories":[2],"tags":[7,6],"class_list":["post-20933","post","type-post","status-publish","format-standard","hentry","category-approfondimenti","tag-italiani-nel-mondo","tag-mediterraneo-e-medio-oriente"],"_links":{"self":[{"href":"https:\/\/www.esteri.it\/it\/wp-json\/wp\/v2\/posts\/20933","targetHints":{"allow":["GET"]}}],"collection":[{"href":"https:\/\/www.esteri.it\/it\/wp-json\/wp\/v2\/posts"}],"about":[{"href":"https:\/\/www.esteri.it\/it\/wp-json\/wp\/v2\/types\/post"}],"author":[{"embeddable":true,"href":"https:\/\/www.esteri.it\/it\/wp-json\/wp\/v2\/users\/1"}],"replies":[{"embeddable":true,"href":"https:\/\/www.esteri.it\/it\/wp-json\/wp\/v2\/comments?post=20933"}],"version-history":[{"count":0,"href":"https:\/\/www.esteri.it\/it\/wp-json\/wp\/v2\/posts\/20933\/revisions"}],"wp:attachment":[{"href":"https:\/\/www.esteri.it\/it\/wp-json\/wp\/v2\/media?parent=20933"}],"wp:term":[{"taxonomy":"category","embeddable":true,"href":"https:\/\/www.esteri.it\/it\/wp-json\/wp\/v2\/categories?post=20933"},{"taxonomy":"post_tag","embeddable":true,"href":"https:\/\/www.esteri.it\/it\/wp-json\/wp\/v2\/tags?post=20933"}],"curies":[{"name":"wp","href":"https:\/\/api.w.org\/{rel}","templated":true}]}}