{"id":20941,"date":"2012-02-08T12:38:37","date_gmt":"2012-02-08T11:38:37","guid":{"rendered":"https:\/\/www.esteri.it\/sala_stampa\/archivionotizie\/comunicati\/2012\/02\/20120208_coopafghanistan\/"},"modified":"2012-02-08T12:38:37","modified_gmt":"2012-02-08T11:38:37","slug":"20120208_coopafghanistan","status":"publish","type":"post","link":"https:\/\/www.esteri.it\/it\/sala_stampa\/archivionotizie\/approfondimenti\/2012\/02\/20120208_coopafghanistan\/","title":{"rendered":"I tesori nascosti, 10 anni di Italia in Afghanistan"},"content":{"rendered":"<p><P>L\u2019impegno civile dell\u2019Italia in Afghanistan \u00e8 una storia lunga e piena di successi. Per ricordarli il MAE ha promosso l\u2019evento dal titolo &#8220;I Tesori Nascosti, 10 anni di Italia in Afghanistan&#8221;, che si \u00e8 svolto presso il MAXXI il 23 febbraio. Il taglio dell\u2019iniziativa \u00e8 stato incentrato sulla tutela del patrimonio culturale, e ha visto la partecipazione di eminenti esperti e studiosi.<\/P><br \/>\n<P>Sono state proiettate\u00a0fotografie e filmati, tra cui il documentario &#8220;No Game&#8221;, realizzato da Giacomo Martelli nell\u2019ambito di un\u2019iniziativa sullo sminamento umanitario finanziata dalla Dgcs. Il documentario \u00e8 stato girato interamente nella provincia di Kabul nel Giugno 2011 per insegnare ai bambini afghani ad evitare il pericolo delle mine, flagello e pesante ipoteca per il futuro di quel Paese.<\/P><br \/>\n<P>Sono numerosissime le attivit\u00e0 promosse dall\u2019Italia nel campo civile in Afghanistan, che vanno ad affiancarsi in modo complementare alla nostra presenza militare in quel Paese. Si \u00e8 accennato quindi anche ai nostri progetti di cooperazione nei pi\u00f9 diversi settori, pur restando il focus principale dell\u2019evento quello della cooperazione culturale, che ha visto il nostro Paese impegnato in prima fila in alcune attivit\u00e0 di grandissima rilevanza.<\/P><br \/>\n<P>Il ruolo di coordinatore \u00e8 stato assunto dal giornalista Rai Duilio Giammaria; all\u2019intervento di apertura da parte del Direttore Generale della Cooperazione allo Sviluppo, Elisabetta Belloni, che ha illustrato la storia dei rapporti tra Italia ed Afghanistan, dando alcuni cenni delle attivit\u00e0 della Cooperazione allo Sviluppo in settori che vanno dallo sviluppo sociale al nation-building, dall\u2019industria e agricoltura alle infrastrutture e trasporti, dall\u2019educazione alla sanit\u00e0, sono seguiti i contributi di alcuni eminenti accademici (Andrea Bruno, Claudio Margottini, Philippe Marquis, Francesco D\u2019Arelli) che hanno descritto le azioni intraprese dall\u2019Italia nel campo della tutela del patrimonio culturale (minareto di Jam, Buddha giganti di Bamiyan, etc.).<\/P><br \/>\n<P>Sono intervenuti Marco Rotelli, Segretario Generale di Intersos, il regista Giacomo Martelli. Ha chiuso l\u2019incontro l\u2019Ambasciatore afghano a Roma, Mohammad Musa Maroofi.<\/P><br \/>\n<P><STRONG>No Game<\/STRONG><\/STRONG><\/STRONG><\/P><br \/>\n<P><\/STRONG><\/STRONG>No game \u00e8 un &#8220;corto&#8221; &#8211; ideato e realizzato da Giacomo Martelli in Afghanistan &#8211; dedicato ai bambini, a metterli in guardia dal terribile pericolo delle mine anti-uomo: il regalo pi\u00f9 avvelenato di una guerra. Giacomo \u00e8 un giovane regista italiano (Milano, 1976) di successo. La sua reg\u00eca di Squadra antimafia ha conosciuto lo scorso anno la vetta degli ascolti tv, per molte settimane. Ma ha deciso liberamente di mettere la sua professionalit\u00e0 e il suo tempo di vacanza al servizio della Cooperazione italiana. E&#8217; stato due volte in Afghanistan accogliendo con entusiasmo l&#8217;idea che giovani registi italiani cominciassero a illustrare questa parte spesso nascosta e a volte immateriale del nostro made in Italy. Per costruire una library che unisca il talento del cinema con quello delle donne e degli uomini della cooperazione italiana. Dal suo secondo viaggio torna con immagini bellissime ed una lirica che viene da lontano, da un mondo senza tempo dove il sorriso e il gioco sconfiggono anche la morte.<\/P><br \/>\n<P>Regia e sceneggiatura: Giacomo Martelli<\/P><br \/>\n<P>Direttore della Fotografia e Operatore alla Macchina: Michel-Clement Franco<\/P><br \/>\n<P>Montaggio e Surpervisione alla Postproduzione: Graziano Tontodonati<\/P><br \/>\n<P>Musiche: Andrea Farri<\/P><br \/>\n<P>Produttore Esecutivo per Direzione Generale Cooperazione e Sviluppo: Fabrizio Falcone<\/P><\/p>\n","protected":false},"excerpt":{"rendered":"L\u2019impegno civile dell\u2019Italia in Afghanistan \u00e8 una storia lunga e piena di successi. Per ricordarli il MAE ha promosso l\u2019evento dal titolo &#8220;I Tesori Nascosti, 10 anni di Italia in Afghanistan&#8221;, che si \u00e8 svolto presso il MAXXI il 23 febbraio. Il taglio dell\u2019iniziativa \u00e8 stato incentrato sulla tutela del patrimonio culturale, e ha visto [&hellip;]","protected":false},"author":1,"featured_media":0,"comment_status":"","ping_status":"","sticky":false,"template":"","format":"standard","meta":{"footnotes":""},"categories":[2],"tags":[45,29,32],"class_list":["post-20941","post","type-post","status-publish","format-standard","hentry","category-approfondimenti","tag-asia-e-oceania","tag-cooperazione-sviluppo","tag-diplomazia-culturale"],"_links":{"self":[{"href":"https:\/\/www.esteri.it\/it\/wp-json\/wp\/v2\/posts\/20941","targetHints":{"allow":["GET"]}}],"collection":[{"href":"https:\/\/www.esteri.it\/it\/wp-json\/wp\/v2\/posts"}],"about":[{"href":"https:\/\/www.esteri.it\/it\/wp-json\/wp\/v2\/types\/post"}],"author":[{"embeddable":true,"href":"https:\/\/www.esteri.it\/it\/wp-json\/wp\/v2\/users\/1"}],"replies":[{"embeddable":true,"href":"https:\/\/www.esteri.it\/it\/wp-json\/wp\/v2\/comments?post=20941"}],"version-history":[{"count":0,"href":"https:\/\/www.esteri.it\/it\/wp-json\/wp\/v2\/posts\/20941\/revisions"}],"wp:attachment":[{"href":"https:\/\/www.esteri.it\/it\/wp-json\/wp\/v2\/media?parent=20941"}],"wp:term":[{"taxonomy":"category","embeddable":true,"href":"https:\/\/www.esteri.it\/it\/wp-json\/wp\/v2\/categories?post=20941"},{"taxonomy":"post_tag","embeddable":true,"href":"https:\/\/www.esteri.it\/it\/wp-json\/wp\/v2\/tags?post=20941"}],"curies":[{"name":"wp","href":"https:\/\/api.w.org\/{rel}","templated":true}]}}