{"id":20950,"date":"2012-02-07T17:03:50","date_gmt":"2012-02-07T16:03:50","guid":{"rendered":"https:\/\/www.esteri.it\/sala_stampa\/archivionotizie\/comunicati\/2012\/02\/20120207_terstrag\/"},"modified":"2012-02-07T17:03:50","modified_gmt":"2012-02-07T16:03:50","slug":"20120207_terstrag","status":"publish","type":"post","link":"https:\/\/www.esteri.it\/it\/sala_stampa\/archivionotizie\/approfondimenti\/2012\/02\/20120207_terstrag\/","title":{"rendered":"Stragi naziste: Terzi, avvieremo consultazione con Germania su indennizzi"},"content":{"rendered":"<p><P>L&#8217;Italia avvier\u00e0 con la Germania un &#8221;percorso di consultazione&#8221; per risolvere la questione dei mancati risarcimenti per le vittime italiane delle stragi naziste. Lo ha detto il Ministro Giulio Terzi al termine di un incontro alla Farnesina con le associazioni dei familiari delle vittime.<\/P><br \/>\n<P>Pochi giorni fa il tribunale internazionale dell&#8217;Aja aveva dato ragione a Berlino, affermando che l&#8217;Italia non aveva riconosciuto l&#8217;immunit\u00e0 garantita alla Germania dal diritto internazionale. Per Terzi la sentenza ha s\u00ec &#8221;confermato un principio di diritto internazionale&#8221;, ma allo stesso tempo la &#8221;decisione della Corte incoraggia i due paesi ad approfondire le modalit\u00e0 attraverso cui alcuni fatti specifici, alcune categorie particolari debbano essere rispettate in termini di risarcimento dei danni e soprattutto del riconoscimento della memoria&#8221;. <\/P><br \/>\n<P>Il governo, ha quindi assicurato Terzi, vuole &#8221;assistere in ogni modo possibile le associazioni delle vittime&#8221;. E alle famiglie il Ministro ha voluto &#8221;riaffermare la grande solidariet\u00e0 di tutte le istituzioni e autorit\u00e0 italiane per la sofferenza di questi gruppi cos\u00ec numerosi di persone, di cittadini, di vittime che hanno pagato con la vita questa ondata di barbarie che si \u00e8 abbattuta in Italia ed in Europa durante la seconda guerra mondiale&#8221;<\/P><br \/>\n<P><BR>\u00a0<\/P><br \/>\n<P>\u00a0<\/P><\/p>\n","protected":false},"excerpt":{"rendered":"L&#8217;Italia avvier\u00e0 con la Germania un &#8221;percorso di consultazione&#8221; per risolvere la questione dei mancati risarcimenti per le vittime italiane delle stragi naziste. Lo ha detto il Ministro Giulio Terzi al termine di un incontro alla Farnesina con le associazioni dei familiari delle vittime. Pochi giorni fa il tribunale internazionale dell&#8217;Aja aveva dato ragione a [&hellip;]","protected":false},"author":1,"featured_media":0,"comment_status":"","ping_status":"","sticky":false,"template":"","format":"standard","meta":{"footnotes":""},"categories":[2],"tags":[9],"class_list":["post-20950","post","type-post","status-publish","format-standard","hentry","category-approfondimenti","tag-europa"],"_links":{"self":[{"href":"https:\/\/www.esteri.it\/it\/wp-json\/wp\/v2\/posts\/20950","targetHints":{"allow":["GET"]}}],"collection":[{"href":"https:\/\/www.esteri.it\/it\/wp-json\/wp\/v2\/posts"}],"about":[{"href":"https:\/\/www.esteri.it\/it\/wp-json\/wp\/v2\/types\/post"}],"author":[{"embeddable":true,"href":"https:\/\/www.esteri.it\/it\/wp-json\/wp\/v2\/users\/1"}],"replies":[{"embeddable":true,"href":"https:\/\/www.esteri.it\/it\/wp-json\/wp\/v2\/comments?post=20950"}],"version-history":[{"count":0,"href":"https:\/\/www.esteri.it\/it\/wp-json\/wp\/v2\/posts\/20950\/revisions"}],"wp:attachment":[{"href":"https:\/\/www.esteri.it\/it\/wp-json\/wp\/v2\/media?parent=20950"}],"wp:term":[{"taxonomy":"category","embeddable":true,"href":"https:\/\/www.esteri.it\/it\/wp-json\/wp\/v2\/categories?post=20950"},{"taxonomy":"post_tag","embeddable":true,"href":"https:\/\/www.esteri.it\/it\/wp-json\/wp\/v2\/tags?post=20950"}],"curies":[{"name":"wp","href":"https:\/\/api.w.org\/{rel}","templated":true}]}}