{"id":20962,"date":"2012-02-07T11:47:03","date_gmt":"2012-02-07T10:47:03","guid":{"rendered":"https:\/\/www.esteri.it\/sala_stampa\/archivionotizie\/comunicati\/2012\/02\/20120207_mediterraneo\/"},"modified":"2012-02-07T11:47:03","modified_gmt":"2012-02-07T10:47:03","slug":"20120207_mediterraneo","status":"publish","type":"post","link":"https:\/\/www.esteri.it\/it\/sala_stampa\/archivionotizie\/approfondimenti\/2012\/02\/20120207_mediterraneo\/","title":{"rendered":"MEDITERRANEO: Massari ad Ankara, Italia sponsor della Turchia in Europa"},"content":{"rendered":"<p><P>L\u2019allargamento dell\u2019Europa alla Turchia , le questioni mediorientali e della &#8220;Primavera araba&#8221;, sono stati al centro dei colloqui che l\u2019Inviato speciale per il Mediterraneo, Maurizio Massari ha avuto ad Ankara. L\u2019Italia, ha ricordato l\u2019Inviato del Ministro Giulio Terzi, \u00e8 &#8220;sponsor&#8221; dell&#8217;ingresso della Turchia nell&#8217;Ue. Negli incontri, c&#8217;\u00e9 stato uno scambio di idee su come far avanzare la cosiddetta &#8220;agenda positiva&#8221;, ossia il coinvolgimento della Turchia nella discussione delle tematiche dell&#8217;Unione europea al di l\u00e0 della ripresa del negoziato sui diversi capitoli, &#8220;che noi caldeggiamo&#8221;.<\/P><br \/>\n<P>L&#8217;Italia, ha ricordato Massari, sponsorizza il Turkey Focus Group che ha preso il posto del vecchio Gruppo amici della Turchia e che si riunir\u00e0 a margine del prossimo consiglio dei ministri dell&#8217;Ue il 27 febbraio cui parteciper\u00e0 il capo della Farnesina. I colloqui di Ankara, ha riferito Massari sono serviti anche a comprendere la percezione che hanno i turchi &#8220;su come questo esercizio pu\u00f2 essere utile per far avanzare il dialogo Unione europea e Turchia&#8221;. Per quanto riguarda le questioni mediorientali e della &#8220;Primavera araba&#8221;, Massari ha detto di aver riscontrato con i suoi interlocutori turchi concordanze sul modo in cui tentare di far ripartire il processo politico in Siria. &#8220;Riteniamo che la Turchia sia un player assolutamente centrale in tutta la regione&#8221;, ha detto l&#8217;inviato del ministro Terzi, aggiungendo che il ruolo turco \u00e8 molto &#8220;cresciuto a seguito degli eventi dell&#8217;ultimo anno e quindi abbiamo interesse e volont\u00e0 di stabilire un raccordo molto stretto per condividere valutazioni e opzioni politiche&#8221;. &#8220;Il messaggio \u00e8 stato ben recepito&#8221;, ha aggiunto Massari sottolineando che &#8220;c&#8217;\u00e9 un interesse anche da parte turca a raccordarsi strettamente con noi e ad avere frequenti e regolari scambi&#8221;. Nei colloqui, ha riferito, si \u00e8 parlato &#8220;dell&#8217;evoluzione nell&#8217;intera regione, dalla Tunisia al Marocco, all&#8217;Egitto, alla Libia&#8221;, e delle &#8220;transizioni democratiche in questi paesi&#8221; dove sia Italia che Turchia hanno &#8220;interessi e un ruolo molto importante da giocare&#8221;.<\/P><\/p>\n","protected":false},"excerpt":{"rendered":"L\u2019allargamento dell\u2019Europa alla Turchia , le questioni mediorientali e della &#8220;Primavera araba&#8221;, sono stati al centro dei colloqui che l\u2019Inviato speciale per il Mediterraneo, Maurizio Massari ha avuto ad Ankara. L\u2019Italia, ha ricordato l\u2019Inviato del Ministro Giulio Terzi, \u00e8 &#8220;sponsor&#8221; dell&#8217;ingresso della Turchia nell&#8217;Ue. Negli incontri, c&#8217;\u00e9 stato uno scambio di idee su come far [&hellip;]","protected":false},"author":1,"featured_media":0,"comment_status":"","ping_status":"","sticky":false,"template":"","format":"standard","meta":{"footnotes":""},"categories":[2],"tags":[6,42],"class_list":["post-20962","post","type-post","status-publish","format-standard","hentry","category-approfondimenti","tag-mediterraneo-e-medio-oriente","tag-unione-europea"],"_links":{"self":[{"href":"https:\/\/www.esteri.it\/it\/wp-json\/wp\/v2\/posts\/20962","targetHints":{"allow":["GET"]}}],"collection":[{"href":"https:\/\/www.esteri.it\/it\/wp-json\/wp\/v2\/posts"}],"about":[{"href":"https:\/\/www.esteri.it\/it\/wp-json\/wp\/v2\/types\/post"}],"author":[{"embeddable":true,"href":"https:\/\/www.esteri.it\/it\/wp-json\/wp\/v2\/users\/1"}],"replies":[{"embeddable":true,"href":"https:\/\/www.esteri.it\/it\/wp-json\/wp\/v2\/comments?post=20962"}],"version-history":[{"count":0,"href":"https:\/\/www.esteri.it\/it\/wp-json\/wp\/v2\/posts\/20962\/revisions"}],"wp:attachment":[{"href":"https:\/\/www.esteri.it\/it\/wp-json\/wp\/v2\/media?parent=20962"}],"wp:term":[{"taxonomy":"category","embeddable":true,"href":"https:\/\/www.esteri.it\/it\/wp-json\/wp\/v2\/categories?post=20962"},{"taxonomy":"post_tag","embeddable":true,"href":"https:\/\/www.esteri.it\/it\/wp-json\/wp\/v2\/tags?post=20962"}],"curies":[{"name":"wp","href":"https:\/\/api.w.org\/{rel}","templated":true}]}}