{"id":20996,"date":"2012-02-01T10:58:58","date_gmt":"2012-02-01T09:58:58","guid":{"rendered":"https:\/\/www.esteri.it\/sala_stampa\/archivionotizie\/comunicati\/2012\/02\/20120201_tourmassari\/"},"modified":"2025-02-20T17:33:09","modified_gmt":"2025-02-20T16:33:09","slug":"20120201_tourmassari","status":"publish","type":"post","link":"https:\/\/www.esteri.it\/it\/sala_stampa\/archivionotizie\/approfondimenti\/2012\/02\/20120201_tourmassari\/","title":{"rendered":"MEDITERRANEO: Al via primo tour Massari, Inviato del Ministro Terzi"},"content":{"rendered":"<p><P>Al via, nel cuore della &#8220;Primavera Araba&#8221;, il primo tour regionale dell&#8217;Inviato Speciale del Ministro Giulio Terzi per il Mediterraneo e Medio oriente, Maurizio Massari. La prima tappa sar\u00e0 il Marocco &#8211; partner chiave nel Maghreb, membro del 5+5 e sostenitore, insieme all&#8217;Ue di una linea di pieno sostegno alla Lega Araba sulla Siria &#8211; dove Massari raggiunger\u00e0 Rabat e Casablanca per incontrare numerosi rappresentanti del governo tra cui il Ministro dell&#8217;economia e finanze, Nizar Baraka, il Ministro Delegato agli affari esteri, Youssef Amrani, il Presidente della camera dei deputati Karim Ghellab, oltre a rappresentanti della Confindustria marocchina, dei media e della societ\u00e0 civile. L&#8217;inviato di Terzi si sposter\u00e0 poi in Tunisia ed Egitto la settimana prossima per un approfondimento dei rapporti con paesi stretti partner dell&#8217;Italia impegnati nei processi di apertura e democratizzazione. Il giro di visite, che sar\u00e0 completato con tappe in Algeria e Libia, si inquadra anche nella prospettiva della riunione Ministeriale del 5+5 e del Foromed che si svolgeranno a Roma il 20 febbraio, co-presiedute dal Capo della diplomazia italiana Giulio Terzi e dal suo omologo tunisino. Terzi ha cos\u00ec incaricato il suo Inviato Speciale di raccogliere idee dai partner nordafricani che possano far compiere al quadro di dialogo regionale, a partire dalla riunione del 5+5 un salto di qualit\u00e0 anche nell&#8217;ottica di un avvicinamento tra le due sponde del Mediterraneo. Obiettivo quest&#8217;ultimo su cui punta la diplomazia italiana. Tra i fronti di impegno di Massari anche la Siria: l&#8217;inviato speciale vedr\u00e0, nel suo viaggio al Cairo, la Lega Araba e sar\u00e0 ad Ankara luned\u00ec 6 per un raccordo pi\u00f9 stretto con la Turchia, sulla scia dei diversi contatti gi\u00e0 avuti da Terzi con il Ministro degli esteri Ahmet Davutoglu.<\/P><\/p>\n","protected":false},"excerpt":{"rendered":"Al via, nel cuore della &#8220;Primavera Araba&#8221;, il primo tour regionale dell&#8217;Inviato Speciale del Ministro Giulio Terzi per il Mediterraneo e Medio oriente, Maurizio Massari. La prima tappa sar\u00e0 il Marocco &#8211; partner chiave nel Maghreb, membro del 5+5 e sostenitore, insieme all&#8217;Ue di una linea di pieno sostegno alla Lega Araba sulla Siria &#8211; [&hellip;]","protected":false},"author":1,"featured_media":0,"comment_status":"closed","ping_status":"closed","sticky":false,"template":"","format":"standard","meta":{"footnotes":""},"categories":[2],"tags":[6],"class_list":["post-20996","post","type-post","status-publish","format-standard","hentry","category-approfondimenti","tag-mediterraneo-e-medio-oriente"],"_links":{"self":[{"href":"https:\/\/www.esteri.it\/it\/wp-json\/wp\/v2\/posts\/20996","targetHints":{"allow":["GET"]}}],"collection":[{"href":"https:\/\/www.esteri.it\/it\/wp-json\/wp\/v2\/posts"}],"about":[{"href":"https:\/\/www.esteri.it\/it\/wp-json\/wp\/v2\/types\/post"}],"author":[{"embeddable":true,"href":"https:\/\/www.esteri.it\/it\/wp-json\/wp\/v2\/users\/1"}],"replies":[{"embeddable":true,"href":"https:\/\/www.esteri.it\/it\/wp-json\/wp\/v2\/comments?post=20996"}],"version-history":[{"count":1,"href":"https:\/\/www.esteri.it\/it\/wp-json\/wp\/v2\/posts\/20996\/revisions"}],"predecessor-version":[{"id":132131,"href":"https:\/\/www.esteri.it\/it\/wp-json\/wp\/v2\/posts\/20996\/revisions\/132131"}],"wp:attachment":[{"href":"https:\/\/www.esteri.it\/it\/wp-json\/wp\/v2\/media?parent=20996"}],"wp:term":[{"taxonomy":"category","embeddable":true,"href":"https:\/\/www.esteri.it\/it\/wp-json\/wp\/v2\/categories?post=20996"},{"taxonomy":"post_tag","embeddable":true,"href":"https:\/\/www.esteri.it\/it\/wp-json\/wp\/v2\/tags?post=20996"}],"curies":[{"name":"wp","href":"https:\/\/api.w.org\/{rel}","templated":true}]}}