{"id":21007,"date":"2012-01-30T15:59:25","date_gmt":"2012-01-30T14:59:25","guid":{"rendered":"https:\/\/www.esteri.it\/sala_stampa\/archivionotizie\/comunicati\/2012\/01\/20120130_somalia_stabilizzazione\/"},"modified":"2012-01-30T15:59:25","modified_gmt":"2012-01-30T14:59:25","slug":"20120130_somalia_stabilizzazione","status":"publish","type":"post","link":"https:\/\/www.esteri.it\/it\/sala_stampa\/archivionotizie\/approfondimenti\/2012\/01\/20120130_somalia_stabilizzazione\/","title":{"rendered":"Somalia: Terzi vede premier Ali: Italia sostiene ancora stabilizzazione"},"content":{"rendered":"<p><P>L\u2019Italia \u00e8 \u201cfortemente determinata a continuare a sostenere la Somalia verso la stabilit\u00e0 e soprattutto sul fronte della sicurezza\u201d. Lo ha assicurato il Ministro Giulio Terzi al termine del colloquio con il Primo Ministro del governo di transizione somalo Abdiweli Mohamed Ali alla Farnesina. &#8221;Punto fondamentale del nostro paese verso questo paese amico &#8211; ha sottolineato Terzi &#8211; \u00e8 il sostegno allo sviluppo e alla lotta alla povert\u00e0&#8221;. <\/P><br \/>\n<P>Per Terzi, inoltre, &#8221;il processo di transizione della Somalia, aperto da 8 anni, deve essere concluso, secondo i principi di Garowe (linee guida adottate l&#8217;estate scorsa dal governo somalo per la creazione di nuove istituzioni) devono essere attuati entro l&#8217;estate prossima&#8221;. Dalla Conferenza sulla Somalia che si terr\u00e0 a Londra il 23 febbraio, Terzi ha detto di aspettarsi &#8221;un forte impegno e rilancio della comunit\u00e0 internazionale per il processo di stabilizzazione, per la sicurezza ma anche per l&#8217;avvio di un percorso di creazione di una Costituzione, di un parlamento e di un governo che non sia pi\u00f9 transitorio ma l&#8217;espressione della voce della popolazione somala in tutte le sue componenti&#8221;. <\/P><br \/>\n<P>Il Primo Ministro somalo ha invitato l\u2019Italia ad avere un &#8221;ruolo guida nel processo di pace e nella ricostruzione della Somalia&#8221;. &#8221;La nostra &#8211; ha aggiunto &#8211; \u00e8 una storica amicizia, c&#8217;\u00e8 una grande aspettativa da parte del popolo somalo sul sostegno che ci potr\u00e0 il governo italiano sui temi della sicurezza e dell&#8217;ulteriore sviluppo delle istituzioni del Paese&#8221;.<\/P><br \/>\n<P>Quanto alla situazione della sicurezza sul terreno, Terzi ha affermato che i ribelli integralisti &#8221;Shabaab sono in crescente difficolt\u00e0, sia sul piano militare che su quello del consenso&#8221; e l&#8217;obiettivo, ha spiegato, deve essere quello di &#8221;far cadere l&#8217;ambiente di complicit\u00e0 e consenso che ha permesso agli Shabaab di radicarsi in alcune aree&#8221; della Somalia. <\/P><br \/>\n<P>Capitolo pirateria. &#8220;Faremo tutto il possibile per far tornare i sequestrati alle loro famiglie&#8221;, ha assicurato il Primo Ministro somalo, riferendosi al sequestro della nave italiana Enrico Ievoli, con 18 persone di equipaggio a bordo, tra cui sei italiani. &#8220;Con le nostre possibilit\u00e0 limitate faremo del nostro meglio&#8221;, aggiunge Ali, per il quale &#8220;serve una strategia comune&#8221; per affrontare la &#8220;minaccia&#8221; della pirateria, che, sostiene, &#8220;non \u00e8 solo una questione somala, ma un problema regionale e di tutta la comunit\u00e0 internazionale&#8221;. <\/P><\/p>\n","protected":false},"excerpt":{"rendered":"L\u2019Italia \u00e8 \u201cfortemente determinata a continuare a sostenere la Somalia verso la stabilit\u00e0 e soprattutto sul fronte della sicurezza\u201d. Lo ha assicurato il Ministro Giulio Terzi al termine del colloquio con il Primo Ministro del governo di transizione somalo Abdiweli Mohamed Ali alla Farnesina. &#8221;Punto fondamentale del nostro paese verso questo paese amico &#8211; ha [&hellip;]","protected":false},"author":1,"featured_media":0,"comment_status":"","ping_status":"","sticky":false,"template":"","format":"standard","meta":{"footnotes":""},"categories":[2],"tags":[31,29],"class_list":["post-21007","post","type-post","status-publish","format-standard","hentry","category-approfondimenti","tag-africa","tag-cooperazione-sviluppo"],"_links":{"self":[{"href":"https:\/\/www.esteri.it\/it\/wp-json\/wp\/v2\/posts\/21007","targetHints":{"allow":["GET"]}}],"collection":[{"href":"https:\/\/www.esteri.it\/it\/wp-json\/wp\/v2\/posts"}],"about":[{"href":"https:\/\/www.esteri.it\/it\/wp-json\/wp\/v2\/types\/post"}],"author":[{"embeddable":true,"href":"https:\/\/www.esteri.it\/it\/wp-json\/wp\/v2\/users\/1"}],"replies":[{"embeddable":true,"href":"https:\/\/www.esteri.it\/it\/wp-json\/wp\/v2\/comments?post=21007"}],"version-history":[{"count":0,"href":"https:\/\/www.esteri.it\/it\/wp-json\/wp\/v2\/posts\/21007\/revisions"}],"wp:attachment":[{"href":"https:\/\/www.esteri.it\/it\/wp-json\/wp\/v2\/media?parent=21007"}],"wp:term":[{"taxonomy":"category","embeddable":true,"href":"https:\/\/www.esteri.it\/it\/wp-json\/wp\/v2\/categories?post=21007"},{"taxonomy":"post_tag","embeddable":true,"href":"https:\/\/www.esteri.it\/it\/wp-json\/wp\/v2\/tags?post=21007"}],"curies":[{"name":"wp","href":"https:\/\/api.w.org\/{rel}","templated":true}]}}