{"id":21034,"date":"2012-01-25T15:54:50","date_gmt":"2012-01-25T14:54:50","guid":{"rendered":"https:\/\/www.esteri.it\/sala_stampa\/archivionotizie\/comunicati\/2012\/01\/20120125_ue_serbia\/"},"modified":"2012-01-25T15:54:50","modified_gmt":"2012-01-25T14:54:50","slug":"20120125_ue_serbia","status":"publish","type":"post","link":"https:\/\/www.esteri.it\/it\/sala_stampa\/archivionotizie\/approfondimenti\/2012\/01\/20120125_ue_serbia\/","title":{"rendered":"UE-Serbia: Terzi, Bruxelles non imporr\u00e0 nuove condizioni"},"content":{"rendered":"<p><P>I Balcani occidentali \u201cappartengono all\u2019Europa\u201d e l\u2019Ue \u00e8 orientata a non imporre nuove condizioni alla Serbia per concederle lo status di candidato. Lo ha sottolineato il Ministro Giulio Terzi al termine di un incontro alla Farnesina con il suo omologo serbo Vuk Jeremic, confermando il pieno sostegno italiano al percorso europeo di Belgrado.<\/P><br \/>\n<P>Quanto alla questione Kosovo, Terzi ha puntualizzato che le condizioni poste dall\u2019UE alla Serbia nel negoziato per l\u2019adesione \u201csono chiare\u201d e la comunit\u00e0 internazionale \u201cdeve evitare discussioni autonome per evitare che l\u2019opinione pubblica balcanica abbia la sensazione che si vogliano porre ulteriori condizioni\u201d. In ogni caso, ha ricordato Terzi, la volont\u00e0 europea emersa dall\u2019ultimo Consiglio affari Esteri \u00e8 di \u201candare avanti\u201d nel processo sulla base dei risultati che saranno ottenuti sulle \u201cquestioni tecniche\u201d sul tappeto, come \u201cla gestione delle frontiere, la libert\u00e0 di movimento e la sicurezza nel nord del Kosovo\u201d. <\/P><br \/>\n<P>Jeremic ha assicurato che la Serbia si \u201cimpegner\u00e0 duramente\u201d per conseguire il risultato, lavorando con l\u2019Italia che si conferma il \u201cprincipale sostenitore\u201d dell\u2019ingresso della Serbia nell\u2019UE. Quanto ai rapporti Belgrado-Pristina, Jeremic ha ricordato che la posizione serba \u201c\u00e8 nota e non \u00e8 cambiata\u201d, ma questo \u201cnon esclude che si possa trovare una soluzione soddisfacente per entrambe le parti\u201d.<\/P><br \/>\n<P>Nel corso dei colloqui Terzi ha inoltre sottolineato \u201cl\u2019intensit\u00e0\u201d dei rapporti bilaterali, con particolare riferimento all\u2019ulteriore crescita dell\u2019interscambio commerciale (+17% nel 2011) e con nuove prospettive di investimenti italiani nel settore delle infrastrutture, delle energie rinnovabili e dell\u2019agroalimentare. Jeremic da parte sua ha annunciato che il vertice intergovernativo tra Italia e Serbia, pi\u00f9 volte rinviato, si terr\u00e0 a marzo a Belgrado. &#8220;Oggi \u00e8 stato il primo passo dell&#8217;organizzazione del vertice. Siamo ansiosi di ricevere il presidente Monti e altri membri del governo&#8221;, ha detto.<\/P><\/p>\n","protected":false},"excerpt":{"rendered":"I Balcani occidentali \u201cappartengono all\u2019Europa\u201d e l\u2019Ue \u00e8 orientata a non imporre nuove condizioni alla Serbia per concederle lo status di candidato. Lo ha sottolineato il Ministro Giulio Terzi al termine di un incontro alla Farnesina con il suo omologo serbo Vuk Jeremic, confermando il pieno sostegno italiano al percorso europeo di Belgrado. Quanto alla [&hellip;]","protected":false},"author":1,"featured_media":0,"comment_status":"","ping_status":"","sticky":false,"template":"","format":"standard","meta":{"footnotes":""},"categories":[2],"tags":[9,42],"class_list":["post-21034","post","type-post","status-publish","format-standard","hentry","category-approfondimenti","tag-europa","tag-unione-europea"],"_links":{"self":[{"href":"https:\/\/www.esteri.it\/it\/wp-json\/wp\/v2\/posts\/21034","targetHints":{"allow":["GET"]}}],"collection":[{"href":"https:\/\/www.esteri.it\/it\/wp-json\/wp\/v2\/posts"}],"about":[{"href":"https:\/\/www.esteri.it\/it\/wp-json\/wp\/v2\/types\/post"}],"author":[{"embeddable":true,"href":"https:\/\/www.esteri.it\/it\/wp-json\/wp\/v2\/users\/1"}],"replies":[{"embeddable":true,"href":"https:\/\/www.esteri.it\/it\/wp-json\/wp\/v2\/comments?post=21034"}],"version-history":[{"count":0,"href":"https:\/\/www.esteri.it\/it\/wp-json\/wp\/v2\/posts\/21034\/revisions"}],"wp:attachment":[{"href":"https:\/\/www.esteri.it\/it\/wp-json\/wp\/v2\/media?parent=21034"}],"wp:term":[{"taxonomy":"category","embeddable":true,"href":"https:\/\/www.esteri.it\/it\/wp-json\/wp\/v2\/categories?post=21034"},{"taxonomy":"post_tag","embeddable":true,"href":"https:\/\/www.esteri.it\/it\/wp-json\/wp\/v2\/tags?post=21034"}],"curies":[{"name":"wp","href":"https:\/\/api.w.org\/{rel}","templated":true}]}}