{"id":21051,"date":"2012-01-23T14:10:45","date_gmt":"2012-01-23T13:10:45","guid":{"rendered":"https:\/\/www.esteri.it\/sala_stampa\/archivionotizie\/comunicati\/2012\/01\/20120123_iran_nucleare\/"},"modified":"2012-01-23T14:10:45","modified_gmt":"2012-01-23T13:10:45","slug":"20120123_iran_nucleare","status":"publish","type":"post","link":"https:\/\/www.esteri.it\/it\/sala_stampa\/archivionotizie\/approfondimenti\/2012\/01\/20120123_iran_nucleare\/","title":{"rendered":"Iran: nucleare; Ue, embargo totale petrolio entro luglio"},"content":{"rendered":"<p><P>I 27 ministri degli esteri della Ue hanno approvato ufficialmente l&#8217;embargo di petrolio contro l&#8217;Iran per fermare il progetto di arricchimento del nucleare. Il Ministro Giulio Terzi ha detto che l\u2019Italia \u201c\u00e8 con l&#8217;Europa: stiamo certamente con l&#8217;Europa\u201d, ha aggiunto. \u201cSiamo stati un elemento di impulso per spingere verso la politica del &#8216;doppio binario\u2019\u201d, ha sottolineato. La pressione continuer\u00e0 affinch\u00e9 \u201cl&#8217;Iran torni al tavolo dei negoziati e sospenda il programma di arricchimento del nucleare\u201d. Terzi ha ricordato che l&#8217;Alto rappresentante della Ue Catherine Ashton \u201csta ancora aspettando una risposta\u201d da parte dell&#8217;Iran all&#8217;invito rivoltogli a nome del gruppo &#8216;5+1&#8217; per una ripresa dei negoziati.<\/P><br \/>\n<P>\u201cTenuto conto della preoccupazione crescente verso il programma nucleare dell&#8217;Iran, il Consiglio ha allargato la portata delle misure restrittive contro questo paese\u201d, si legge nelle conclusioni generali del Consiglio, riferendo che il Consiglio \u201cha vietato le importazioni di petrolio grezzo e di prodotti petroliferi\u201d. L&#8217;embargo riguarda \u201cl&#8217;importazione, l&#8217;acquisto e il trasporto di questi prodotti cos\u00ec come delle attivit\u00e0 dei settori delle banche e delle assicurazioni che vi si rapportano\u201d. I contratti gi\u00e0 conclusi &#8211; precisa il testo \u2013 \u201cpotranno continuare ad essere esercitati fino al 1 luglio 2012. Un riesame delle misure concernenti il petrolio e i suoi derivati avr\u00e0 luogo entro il primo maggio 2012\u201d. Il consiglio ha vietato anche le importazioni verso la Ue di prodotti petrolchimici provenienti dall&#8217;Iran cos\u00ec come le esportazioni verso questo paese di equipaggiamenti e tecnologie essenziali per questo settore. \u201cE&#8217; anche vietato realizzare nuovi investimenti in un&#8217;impresa petrolchimica iraniana o di associarsi con essa nel quadro di una co-impresa\u201d, precisa il testo. I ministri hanno anche congelato i beni della banca iraniana nella Ue, \u201cassicurando che il commercio legittimo possa proseguire sotto il rispetto di condizioni molto strette\u201d.<\/P><br \/>\n<P>Terzi ha espresso soddisfazione per la decisione del Consiglio di approvare nuove sanzioni contro la Siria ed ha riferito che il Consiglio \u201cha concordato unanimemente di sostenere il ruolo della Lega Araba\u201d. Le sanzioni \u201cvanno nel senso di proseguire ed intensificare le pressioni sul regime di Damasco\u201d, ha rilevato Terzi. Quanto al ruolo della Lega Araba, il titolare della Farnesina ha sottolineato di averne parlato con il segretario della Lega, gioved\u00ec al Cairo, \u201criscontrando la sua forte determinazione\u201d. La Ue ritiene che la Lega possa avere un ruolo utile per riattivare il percorso verso una risoluzione del Consiglio di sicurezza dell&#8217;Onu.<\/P><br \/>\n<P>Il Ministro Terzi ha inoltre espresso \u201cgrande soddisfazione\u201d per la decisione assunta dalla Ue di alleggerire progressivamente le sanzioni contro la giunta birmana. \u201cPresto andr\u00f2 in Birmania per testimoniare concretamente la volont\u00e0 dell&#8217;Italia, tra i pi\u00f9 attivi promotori dell&#8217;apertura europea, di favorire lo sviluppo di questa fase di dialogo\u201d, ha annunciato Terzi a Bruxelles. Il primo passo &#8211; precisa il testo delle conclusioni del Consiglio- consiste nel togliere il bando dei visti al presidente, al vice presidente, membri del gabinetto di governo, e al portavoce delle due camere del parlamento. I ministri hanno inoltre stabilito un gruppo di lavoro per considerare &#8220;passi successivi&#8221;. &#8220;Il consiglio d\u00e0 il benvenuto al programma rimarchevole di riforme prese dal governo e dal parlamento birmani, cos\u00ec come agli sviluppi sociali ed economici&#8221;, si legge nel testo. &#8220;Questi cambiamenti aprono una nuova prospettiva importante per lo sviluppo delle relazioni tra Ue e Birmania. La Ue \u00e8 pronta ad agire di conseguenza&#8221;, aggiungono i ministri. &#8220;La Ue considera che il rilascio recente di un numero sostanzioso di prigionieri politici segna un passo cruciale in avanti e mostra chiaramente la determinazione del governo di continuare sulla strada delle riforme&#8221;. I ministri accolgono con favore anche il dialogo tra il presidente e la leader dell&#8217;opposizione Daw Aung San Suu Kyi e le modifiche della legge elettorale concordate dal parlamento. Positivo anche il giudizio sull&#8217;impegno assunto verso i gruppi etnici, che porti alla fine del conflitto armato. La Ue esprime il proprio desiderio di assistere la Birmania &#8220;in riforme avanzate&#8221; ed invita la Banca mondiale e il Fmi a sostenere la strategia di sviluppo del paese.<\/P><br \/>\n<P>Per quanto riguarda l\u2019Afghanistan, &#8220;\u00e9 un impegno collettivo, un impegno di lungo termine&#8221;: cos\u00ec il Ministro degli esteri Giulio Terzi che a Bruxelles ha espresso &#8220;grande tristezza e solidariet\u00e0&#8221; per le perdite subite recentemente dalla Francia in Afghanistan. L&#8217;Italia continuer\u00e0 il suo impegno &#8220;e sono convinto che l&#8217;impegno continuer\u00e0 per tutti i partner della Ue e della comunit\u00e0 internazionale&#8221;, ha detto Terzi. Mercoled\u00ec il presidente afghano Hamid Karzai sar\u00e0 a Roma: &#8220;siamo in procinto di concludere un accordo di grande portata con l&#8217;Afghanistan&#8221;, ha riferito il titolare della Farnesina.<\/P><\/p>\n","protected":false},"excerpt":{"rendered":"I 27 ministri degli esteri della Ue hanno approvato ufficialmente l&#8217;embargo di petrolio contro l&#8217;Iran per fermare il progetto di arricchimento del nucleare. Il Ministro Giulio Terzi ha detto che l\u2019Italia \u201c\u00e8 con l&#8217;Europa: stiamo certamente con l&#8217;Europa\u201d, ha aggiunto. \u201cSiamo stati un elemento di impulso per spingere verso la politica del &#8216;doppio binario\u2019\u201d, ha [&hellip;]","protected":false},"author":1,"featured_media":0,"comment_status":"","ping_status":"","sticky":false,"template":"","format":"standard","meta":{"footnotes":""},"categories":[2],"tags":[6,42],"class_list":["post-21051","post","type-post","status-publish","format-standard","hentry","category-approfondimenti","tag-mediterraneo-e-medio-oriente","tag-unione-europea"],"_links":{"self":[{"href":"https:\/\/www.esteri.it\/it\/wp-json\/wp\/v2\/posts\/21051","targetHints":{"allow":["GET"]}}],"collection":[{"href":"https:\/\/www.esteri.it\/it\/wp-json\/wp\/v2\/posts"}],"about":[{"href":"https:\/\/www.esteri.it\/it\/wp-json\/wp\/v2\/types\/post"}],"author":[{"embeddable":true,"href":"https:\/\/www.esteri.it\/it\/wp-json\/wp\/v2\/users\/1"}],"replies":[{"embeddable":true,"href":"https:\/\/www.esteri.it\/it\/wp-json\/wp\/v2\/comments?post=21051"}],"version-history":[{"count":0,"href":"https:\/\/www.esteri.it\/it\/wp-json\/wp\/v2\/posts\/21051\/revisions"}],"wp:attachment":[{"href":"https:\/\/www.esteri.it\/it\/wp-json\/wp\/v2\/media?parent=21051"}],"wp:term":[{"taxonomy":"category","embeddable":true,"href":"https:\/\/www.esteri.it\/it\/wp-json\/wp\/v2\/categories?post=21051"},{"taxonomy":"post_tag","embeddable":true,"href":"https:\/\/www.esteri.it\/it\/wp-json\/wp\/v2\/tags?post=21051"}],"curies":[{"name":"wp","href":"https:\/\/api.w.org\/{rel}","templated":true}]}}