{"id":2112,"date":"2020-06-05T17:53:34","date_gmt":"2020-06-05T15:53:34","guid":{"rendered":"https:\/\/www.esteri.it\/sala_stampa\/archivionotizie\/comunicati\/2020\/06\/sereni-al-meeting-onu-sul-ruolo-delle-donne-nella-lotta-a-covid-19\/"},"modified":"2020-06-05T17:53:34","modified_gmt":"2020-06-05T15:53:34","slug":"sereni-al-meeting-onu-sul-ruolo-delle-donne-nella-lotta-a-covid-19","status":"publish","type":"post","link":"https:\/\/www.esteri.it\/it\/sala_stampa\/archivionotizie\/comunicati\/2020\/06\/sereni-al-meeting-onu-sul-ruolo-delle-donne-nella-lotta-a-covid-19\/","title":{"rendered":"Sereni al meeting Onu sul ruolo delle donne nella lotta a Covid-19"},"content":{"rendered":"<p>\u201cQuesta crisi ha colpito duramente le donne ma ha anche dimostrato la loro grande forza, a partire dal ruolo fondamentale che hanno rivestito in prima linea tra gli operatori sanitari in tutto il mondo\u201d. Lo ha dichiarato la Vice Ministra Marina Sereni, intervenendo al Meeting online sul ruolo delle donne nella lotta a Covid-19, co-organizzata dalla Rappresentanza italiana alle Nazioni Unite insieme alle Rappresentanze di alcuni altri Paesi e aperta dalla Vice Segretaria Generale Amina Mohammed.<\/p>\n<p>\u201cPer effetto del lockdown &#8211; ha proseguito la Vice Ministra \u2013 si \u00e8 registrato un drammatico aumento degli episodi di violenza domestica e abusi contro le donne, e dobbiamo sapere che, con Covid-19, esiste il chiaro rischio di assistere a un serio passo indietro nelle condizioni di vita delle donne e nella parit\u00e0 di genere.\u00a0<\/p>\n<p>La difesa e la promozione dei diritti fondamentali delle donne devono essere al centro di tutti gli sforzi per combattere il Virus. Partecipazione delle donne al mercato del lavoro, nuovi servizi alle famiglie, promozione dei ruoli di leadership femminile nell\u2019economia e nella societ\u00e0 devono essere priorit\u00e0 dei Piani per la Ripresa, da costruire con il pieno coinvolgimento delle donne nel processo decisionale\u201d.<\/p>\n<p>\u201cL\u2019Italia &#8211; ha spiegato Sereni &#8211; \u00e8 da tempo impegnata a prevenire la violenza e a promuovere i diritti delle donne. Intendiamo perci\u00f2 sfruttare ogni opportunit\u00e0, anche attraverso la nostra prossima presidenza del G20 nel 2021, per mantenere alta l\u2019attenzione su questo tema, cos\u00ec come siamo impegnati su alcuni temi emersi nella conferenza come la sicurezza alimentare, la necessit\u00e0 di mantenere aperte le catene di approvvigionamento, la sostenibilit\u00e0 del debito\u201d<\/p>\n<p>\u201cAbbiamo a che fare con problemi di enormi proporzioni, ma credo che questa pandemia ci offra anche la possibilit\u00e0 di rinnovare il nostro impegno nella promozione dei diritti e dell&#8217;empowerment femminili. Tutto questo &#8211; ha concluso la Vice Ministra &#8211; lavorando insieme come donne, a livello nazionale, regionale, globale\u201d.<\/p>\n","protected":false},"excerpt":{"rendered":"\u201cQuesta crisi ha colpito duramente le donne ma ha anche dimostrato la loro grande forza, a partire dal ruolo fondamentale che hanno rivestito in prima linea tra gli operatori sanitari in tutto il mondo\u201d. Lo ha dichiarato la Vice Ministra Marina Sereni, intervenendo al Meeting online sul ruolo delle donne nella lotta a Covid-19, co-organizzata [&hellip;]","protected":false},"author":1,"featured_media":0,"comment_status":"","ping_status":"","sticky":false,"template":"","format":"standard","meta":{"footnotes":""},"categories":[1],"tags":[37,26,399],"class_list":["post-2112","post","type-post","status-publish","format-standard","hentry","category-comunicati","tag-covid-19","tag-onu","tag-vice-ministri-e-sottosegretari-precedenti"],"_links":{"self":[{"href":"https:\/\/www.esteri.it\/it\/wp-json\/wp\/v2\/posts\/2112","targetHints":{"allow":["GET"]}}],"collection":[{"href":"https:\/\/www.esteri.it\/it\/wp-json\/wp\/v2\/posts"}],"about":[{"href":"https:\/\/www.esteri.it\/it\/wp-json\/wp\/v2\/types\/post"}],"author":[{"embeddable":true,"href":"https:\/\/www.esteri.it\/it\/wp-json\/wp\/v2\/users\/1"}],"replies":[{"embeddable":true,"href":"https:\/\/www.esteri.it\/it\/wp-json\/wp\/v2\/comments?post=2112"}],"version-history":[{"count":0,"href":"https:\/\/www.esteri.it\/it\/wp-json\/wp\/v2\/posts\/2112\/revisions"}],"wp:attachment":[{"href":"https:\/\/www.esteri.it\/it\/wp-json\/wp\/v2\/media?parent=2112"}],"wp:term":[{"taxonomy":"category","embeddable":true,"href":"https:\/\/www.esteri.it\/it\/wp-json\/wp\/v2\/categories?post=2112"},{"taxonomy":"post_tag","embeddable":true,"href":"https:\/\/www.esteri.it\/it\/wp-json\/wp\/v2\/tags?post=2112"}],"curies":[{"name":"wp","href":"https:\/\/api.w.org\/{rel}","templated":true}]}}