{"id":21125,"date":"2012-01-10T12:10:55","date_gmt":"2012-01-10T11:10:55","guid":{"rendered":"https:\/\/www.esteri.it\/sala_stampa\/archivionotizie\/comunicati\/2012\/01\/20120110_irannucleare\/"},"modified":"2012-01-10T12:10:55","modified_gmt":"2012-01-10T11:10:55","slug":"20120110_irannucleare","status":"publish","type":"post","link":"https:\/\/www.esteri.it\/it\/sala_stampa\/archivionotizie\/approfondimenti\/2012\/01\/20120110_irannucleare\/","title":{"rendered":"IRAN: nucleare; ora \u201cinevitabili sanzioni dure ed efficaci\u201d"},"content":{"rendered":"<p><P>La decisione del Governo iraniano di avviare operazioni di arricchimento dell&#8217;uranio nell&#8217;impianto di Qom &#8211; Fordow \u00e8 fonte di gravissima preoccupazione e merita la pi\u00f9 ferma condanna. Ad affermarlo \u00e8 Maurizio Massari, Portavoce della Farnesina, secondo il quale \u201cTeheran dimostra purtroppo di volersi muovere nella direzione opposta a quella indicata dalle Risoluzioni dell&#8217;Aiea e delle Nazioni Unite\u201d. \u201cE&#8217; inevitabile a questo punto &#8211; prosegue Massari &#8211; che la pressione sull&#8217;Iran venga esercitata attraverso un rafforzamento del regime sanzionatorio con misure finalizzate a sottrarre a Teheran i mezzi per continuare le sue attivit\u00e0 nucleari contrarie alla legalit\u00e0 internazionale&#8221;. &#8220;Di fronte al persistente rifiuto da parte iraniana ad accettare il dialogo negoziale proposto dalla comunit\u00e0 internazionale &#8211; conclude Massari &#8211; l&#8217;Italia sosterr\u00e0, con i principali partner europei ed internazionali, l&#8217;adozione di sanzioni dure ed efficaci&#8221;. <\/P><br \/>\n<P>L\u2019avvio da parte dell\u2019Iran dell\u2019arricchimento dell\u2019uranio presso il sito di Fordow, \u00e8 stato confermato dall\u2019agenzia atomica internazionale Aiea secondo la quale l&#8217;Iran \u201cha cominciato la produzione di uranio arricchito fino al 20% utilizzando centrifughe di tipo IR-1 nell&#8217;impianto di Fordow\u201d. Il portavoce dell\u2019Aiea, Gill Tudor che ha dato la conferma ha aggiunto che &#8220;tutto il materiale nucleare presente presso il sito rimane sotto la supervisione dell&#8217;agenzia&#8221;. <\/P><br \/>\n<P>L\u2019Unione Europea ha ribadito &#8220;le serie preoccupazioni per il programma nucleare iraniano&#8221; e si prepara a presentare il &#8220;rafforzamento delle sanzioni&#8221; contro l&#8217;Iran, secondo quanto confermato da Maja Kocijancic, portavoce della responsabile della diplomazia Ue Catherine Ashton, ricordando che l&#8217;Europa &#8220;resta aperta&#8221; alla ripresa di negoziati &#8220;senza preconcetti da parte dell&#8217;Iran&#8221; che per\u00f2 non ha ancora dato risposte alla lettera inviata nell&#8217;ottobre scorso. La questione sanzioni sar\u00e0 al centro del Consiglio Affari Esteri Ue anticipato al 23 gennaio prossimo.<\/P><\/p>\n","protected":false},"excerpt":{"rendered":"La decisione del Governo iraniano di avviare operazioni di arricchimento dell&#8217;uranio nell&#8217;impianto di Qom &#8211; Fordow \u00e8 fonte di gravissima preoccupazione e merita la pi\u00f9 ferma condanna. Ad affermarlo \u00e8 Maurizio Massari, Portavoce della Farnesina, secondo il quale \u201cTeheran dimostra purtroppo di volersi muovere nella direzione opposta a quella indicata dalle Risoluzioni dell&#8217;Aiea e delle [&hellip;]","protected":false},"author":1,"featured_media":0,"comment_status":"","ping_status":"","sticky":false,"template":"","format":"standard","meta":{"footnotes":""},"categories":[2],"tags":[],"class_list":["post-21125","post","type-post","status-publish","format-standard","hentry","category-approfondimenti"],"_links":{"self":[{"href":"https:\/\/www.esteri.it\/it\/wp-json\/wp\/v2\/posts\/21125","targetHints":{"allow":["GET"]}}],"collection":[{"href":"https:\/\/www.esteri.it\/it\/wp-json\/wp\/v2\/posts"}],"about":[{"href":"https:\/\/www.esteri.it\/it\/wp-json\/wp\/v2\/types\/post"}],"author":[{"embeddable":true,"href":"https:\/\/www.esteri.it\/it\/wp-json\/wp\/v2\/users\/1"}],"replies":[{"embeddable":true,"href":"https:\/\/www.esteri.it\/it\/wp-json\/wp\/v2\/comments?post=21125"}],"version-history":[{"count":0,"href":"https:\/\/www.esteri.it\/it\/wp-json\/wp\/v2\/posts\/21125\/revisions"}],"wp:attachment":[{"href":"https:\/\/www.esteri.it\/it\/wp-json\/wp\/v2\/media?parent=21125"}],"wp:term":[{"taxonomy":"category","embeddable":true,"href":"https:\/\/www.esteri.it\/it\/wp-json\/wp\/v2\/categories?post=21125"},{"taxonomy":"post_tag","embeddable":true,"href":"https:\/\/www.esteri.it\/it\/wp-json\/wp\/v2\/tags?post=21125"}],"curies":[{"name":"wp","href":"https:\/\/api.w.org\/{rel}","templated":true}]}}