{"id":2155,"date":"2020-05-22T20:21:42","date_gmt":"2020-05-22T18:21:42","guid":{"rendered":"https:\/\/www.esteri.it\/sala_stampa\/archivionotizie\/comunicati\/2020\/05\/colloquio-telefonico-del-ministro-di-maio-con-la-ministra-degli-esteri-della-spagna-arancha-gonzalez\/"},"modified":"2020-05-22T20:21:42","modified_gmt":"2020-05-22T18:21:42","slug":"colloquio-telefonico-del-ministro-di-maio-con-la-ministra-degli-esteri-della-spagna-arancha-gonzalez","status":"publish","type":"post","link":"https:\/\/www.esteri.it\/it\/sala_stampa\/archivionotizie\/comunicati\/2020\/05\/colloquio-telefonico-del-ministro-di-maio-con-la-ministra-degli-esteri-della-spagna-arancha-gonzalez\/","title":{"rendered":"Colloquio telefonico del Ministro Di Maio con la Ministra degli Esteri della Spagna Arancha Gonz\u00e1lez"},"content":{"rendered":"<p>Il Ministro Luigi Di Maio ha avuto oggi un colloquio telefonico con la sua collega spagnola, Arancha Gonz\u00e1lez Laya.<\/p>\n<p>I due Ministri hanno ricordato l\u2019importanza del ruolo che l\u2019Unione Europea \u00e8 chiamata a svolgere, anche mediante l\u2019Operazione navale IRINI, per favorire la stabilit\u00e0 della Libia.<\/p>\n<p>I due Ministri hanno inoltre discusso delle profonde convergenze esistenti tra Italia e Spagna in tema di politica migratoria. In particolare, in vista della prossima Comunicazione della Commissione sul \u201cNuovo patto su Asilo e Migrazioni\u201d, essi hanno ribadito l\u2019impegno comune perch\u00e9 il documento contenga un bilanciamento tra solidariet\u00e0 e responsabilit\u00e0 di tutti gli Stati membri.<\/p>\n<p>Di Maio e Gonz\u00e1lez hanno infine affrontato il tema della risposta europea all\u2019emergenza COVID-19. Essi hanno altres\u00ec espresso l\u2019aspettativa che la Commissione possa presentare presto una proposta ambiziosa in tema di Recovery Fund.<\/p>\n","protected":false},"excerpt":{"rendered":"Il Ministro Luigi Di Maio ha avuto oggi un colloquio telefonico con la sua collega spagnola, Arancha Gonz\u00e1lez Laya. I due Ministri hanno ricordato l\u2019importanza del ruolo che l\u2019Unione Europea \u00e8 chiamata a svolgere, anche mediante l\u2019Operazione navale IRINI, per favorire la stabilit\u00e0 della Libia. I due Ministri hanno inoltre discusso delle profonde convergenze esistenti [&hellip;]","protected":false},"author":1,"featured_media":0,"comment_status":"","ping_status":"","sticky":false,"template":"","format":"standard","meta":{"footnotes":""},"categories":[1],"tags":[9,76,42],"class_list":["post-2155","post","type-post","status-publish","format-standard","hentry","category-comunicati","tag-europa","tag-ministri-precedenti","tag-unione-europea"],"_links":{"self":[{"href":"https:\/\/www.esteri.it\/it\/wp-json\/wp\/v2\/posts\/2155","targetHints":{"allow":["GET"]}}],"collection":[{"href":"https:\/\/www.esteri.it\/it\/wp-json\/wp\/v2\/posts"}],"about":[{"href":"https:\/\/www.esteri.it\/it\/wp-json\/wp\/v2\/types\/post"}],"author":[{"embeddable":true,"href":"https:\/\/www.esteri.it\/it\/wp-json\/wp\/v2\/users\/1"}],"replies":[{"embeddable":true,"href":"https:\/\/www.esteri.it\/it\/wp-json\/wp\/v2\/comments?post=2155"}],"version-history":[{"count":0,"href":"https:\/\/www.esteri.it\/it\/wp-json\/wp\/v2\/posts\/2155\/revisions"}],"wp:attachment":[{"href":"https:\/\/www.esteri.it\/it\/wp-json\/wp\/v2\/media?parent=2155"}],"wp:term":[{"taxonomy":"category","embeddable":true,"href":"https:\/\/www.esteri.it\/it\/wp-json\/wp\/v2\/categories?post=2155"},{"taxonomy":"post_tag","embeddable":true,"href":"https:\/\/www.esteri.it\/it\/wp-json\/wp\/v2\/tags?post=2155"}],"curies":[{"name":"wp","href":"https:\/\/api.w.org\/{rel}","templated":true}]}}