{"id":21648,"date":"2020-07-09T17:24:38","date_gmt":"2020-07-09T15:24:38","guid":{"rendered":"https:\/\/www.esteri.it\/sala_stampa\/archivionotizie\/comunicati\/2020\/07\/she-di-valerio-zanini-vince-il-premio-vivo-d-arte-2020\/"},"modified":"2020-07-09T17:24:38","modified_gmt":"2020-07-09T15:24:38","slug":"she-di-valerio-zanini-vince-il-premio-vivo-d-arte-2020","status":"publish","type":"post","link":"https:\/\/www.esteri.it\/it\/sala_stampa\/archivionotizie\/eventi\/2020\/07\/she-di-valerio-zanini-vince-il-premio-vivo-d-arte-2020\/","title":{"rendered":"SHE di Valerio Zanini vince il Premio \u201cVivo d\u2019Arte 2020\u201d"},"content":{"rendered":"<p>Valerio Zanini con lo studio Ninja Guru, con il progetto SHE, vince la seconda edizione del Premio \u201cVivo D\u2019Arte\u201d, lanciato dal Ministero degli Affari Esteri e della Cooperazione Internazionale, in collaborazione con la Fondazione Romaeuropa e la partecipazione del Ministero per i Beni, le attivit\u00e0 culturali e il turismo.<\/p>\n<p><img loading=\"lazy\" decoding=\"async\" src=\"https:\/\/www.esteri.it\/mae\/resource\/img\/2020\/07\/she_valeriozanini_1.jpg\" alt=\"she valeriozanini 1\" width=\"500\" height=\"364\" style=\"display: block; margin-left: auto; margin-right: auto;\" \/><\/p>\n<p>Il Premio punta a valorizzare e sostenere la creativit\u00e0 e il talento dei giovani artisti italiani residenti stabilmente all&#8217;estero.\u00a0Sedici sono state le candidature\u00a0a questa seconda edizione del Premio:\u00a0artisti italiani residenti in quattordici paesi\u00a0(Emirati Arabi, Spagna, Portogallo, USA, UK, Principato di Monaco, Francia, Belgio, Egitto, Argentina, Germania, Argentina, Colombia, Austria) che hanno presentato nuovi progetti di qualit\u00e0 e originalit\u00e0 nei settori della danza, teatro, musica e performance contemporanei. Personalit\u00e0 eterogenee che dialogano attivamente con i propri Paesi di residenza e con le relative comunit\u00e0 e culture,\u00a0pur mantenendo saldo il legame con l\u2019Italia.<\/p>\n<p><i>SHE<\/i>\u00a0\u00e8 una performance &#8220;coreutica aumentata&#8221;. Lo spettacolo unisce musica elettronica e coreografia, nella quale l\u2019interprete, tramite l\u2019utilizzo di sensori e algoritmi per il riconoscimento e\u00a0<i>tracking<\/i>\u00a0dei gesti, traccia i propri movimenti dando loro forma e producendo suoni.\u00a0<\/p>\n<p>Lo spettacolo di Valerio Zanini sar\u00e0 presentato nell\u2019ambito della trentacinquesima edizione di\u00a0<i>Romaeuropa Festival<\/i>, che si terr\u00e0 il 21 ottobre 2020 presso il Teatro 2 de\u00a0<i>La Pelanda<\/i>.\u00a0<\/p>\n<p>\u00a0<\/p>\n","protected":false},"excerpt":{"rendered":"Valerio Zanini con lo studio Ninja Guru, con il progetto SHE, vince la seconda edizione del Premio \u201cVivo D\u2019Arte\u201d, lanciato dal Ministero degli Affari Esteri e della Cooperazione Internazionale, in collaborazione con la Fondazione Romaeuropa e la partecipazione del Ministero per i Beni, le attivit\u00e0 culturali e il turismo. Il Premio punta a valorizzare e [&hellip;]","protected":false},"author":1,"featured_media":0,"comment_status":"","ping_status":"","sticky":false,"template":"","format":"standard","meta":{"footnotes":""},"categories":[21],"tags":[32,25],"class_list":["post-21648","post","type-post","status-publish","format-standard","hentry","category-eventi","tag-diplomazia-culturale","tag-farnesina"],"_links":{"self":[{"href":"https:\/\/www.esteri.it\/it\/wp-json\/wp\/v2\/posts\/21648","targetHints":{"allow":["GET"]}}],"collection":[{"href":"https:\/\/www.esteri.it\/it\/wp-json\/wp\/v2\/posts"}],"about":[{"href":"https:\/\/www.esteri.it\/it\/wp-json\/wp\/v2\/types\/post"}],"author":[{"embeddable":true,"href":"https:\/\/www.esteri.it\/it\/wp-json\/wp\/v2\/users\/1"}],"replies":[{"embeddable":true,"href":"https:\/\/www.esteri.it\/it\/wp-json\/wp\/v2\/comments?post=21648"}],"version-history":[{"count":0,"href":"https:\/\/www.esteri.it\/it\/wp-json\/wp\/v2\/posts\/21648\/revisions"}],"wp:attachment":[{"href":"https:\/\/www.esteri.it\/it\/wp-json\/wp\/v2\/media?parent=21648"}],"wp:term":[{"taxonomy":"category","embeddable":true,"href":"https:\/\/www.esteri.it\/it\/wp-json\/wp\/v2\/categories?post=21648"},{"taxonomy":"post_tag","embeddable":true,"href":"https:\/\/www.esteri.it\/it\/wp-json\/wp\/v2\/tags?post=21648"}],"curies":[{"name":"wp","href":"https:\/\/api.w.org\/{rel}","templated":true}]}}