{"id":21709,"date":"2020-06-18T14:49:32","date_gmt":"2020-06-18T12:49:32","guid":{"rendered":"https:\/\/www.esteri.it\/sala_stampa\/archivionotizie\/comunicati\/2020\/06\/covid-19-del-re-italia-ha-garantito-accoglienza-rifugiati\/"},"modified":"2020-06-18T14:49:32","modified_gmt":"2020-06-18T12:49:32","slug":"covid-19-del-re-italia-ha-garantito-accoglienza-rifugiati","status":"publish","type":"post","link":"https:\/\/www.esteri.it\/it\/sala_stampa\/archivionotizie\/eventi\/2020\/06\/covid-19-del-re-italia-ha-garantito-accoglienza-rifugiati\/","title":{"rendered":"Covid-19: Del Re, Italia ha garantito accoglienza rifugiati"},"content":{"rendered":"<p>\u201cNonostante le limitazioni imposte dall&#8217;emergenza pandemica, l&#8217;Italia ha continuato ad assicurare la protezione dei richiedenti asilo, adottando tutte le misure necessarie affinch\u00e9 le restrizioni ai movimenti di tutta la popolazione fossero compatibili con gli obblighi internazionali&#8221;. Lo ha sottolineato la viceministra degli Esteri Emanuela Del Re intervenendo alla conferenza stampa virtuale di presentazione del rapporto Global Trends dell\u2019Alto Commissariato delle Nazioni Unite per i rifugiati (UNHCR).<\/p>\n<div align=\"justify\">Del Re ha sottolineato la &#8220;costante collaborazione&#8221; con l&#8217;Unhcr, agenzia con la quale c&#8217;\u00e8 &#8220;un rapporto che si dimostra sempre proficuo sia sul territorio nazionale sia nella gestione della dimensione esterna dell&#8217;emergenza migratoria. Posso pertanto confermare all\u2019Alto Commissariato, e alla sua nuova Rappresentante in Italia, che il nostro Paese rimarr\u00e0 al fianco di UNHCR come e pi\u00f9 di prima, ovunque ve ne sar\u00e0 bisogno.\u201d<br \/>&#8220;Ricordo che l&#8217;Italia continua ad essere l&#8217;unico Paese europeo che effettua evacuazioni dirette di rifugiati dalla Libia: se questa nostra esperienza fosse replicata da altri Stati occidentali, sarebbe molto pi\u00f9 semplice poter estrarre i rifugiati dai centri di detenzione libici. \u00c8 per queste ragioni che l&#8217;Italia \u00e8 convinta che sia necessario un impegno meglio strutturato e condiviso a livello europeo per facilitare l&#8217;arrivo in modo legale, per ragioni umanitarie, di rifugiati particolarmente vulnerabili&#8221;.<\/div>\n<div align=\"justify\">Attraverso i corridoi umanitari, i reinsediamenti e le evacuazioni umanitarie dalla Libia, l&#8217;Italia &#8220;ha assicurato nell&#8217;ultimo triennio protezione internazionale a quasi 6000 rifugiati particolarmente vulnerabili accolti in Paesi di primo asilo che non sono nelle condizioni di offrire soluzioni durature&#8221;, ha spiegato la viceministra. \u201cIniziative cui potranno aggiungersi anche i corridoi universitari, che consentiranno a rifugiati provenienti dal Corno d\u2019Africa di proseguire il loro percorso di studi in Italia nel prossimo biennio\u201d \u2013 ha proseguito la Viceministra \u2013 \u201cPenso anche al generoso sostegno finanziario che abbiamo fornito all\u2019Emergency Transit Mechanism organizzato da UNHCR in Libia, Niger e Ruanda, che ha consentito di spostare rifugiati, in vista del reinsediamento, dalla Libia verso localit\u00e0 che offrissero condizioni di sicurezza accettabili\u201d.<\/div>\n","protected":false},"excerpt":{"rendered":"\u201cNonostante le limitazioni imposte dall&#8217;emergenza pandemica, l&#8217;Italia ha continuato ad assicurare la protezione dei richiedenti asilo, adottando tutte le misure necessarie affinch\u00e9 le restrizioni ai movimenti di tutta la popolazione fossero compatibili con gli obblighi internazionali&#8221;. Lo ha sottolineato la viceministra degli Esteri Emanuela Del Re intervenendo alla conferenza stampa virtuale di presentazione del rapporto [&hellip;]","protected":false},"author":1,"featured_media":0,"comment_status":"","ping_status":"","sticky":false,"template":"","format":"standard","meta":{"footnotes":""},"categories":[21],"tags":[37,6,26,399],"class_list":["post-21709","post","type-post","status-publish","format-standard","hentry","category-eventi","tag-covid-19","tag-mediterraneo-e-medio-oriente","tag-onu","tag-vice-ministri-e-sottosegretari-precedenti"],"_links":{"self":[{"href":"https:\/\/www.esteri.it\/it\/wp-json\/wp\/v2\/posts\/21709","targetHints":{"allow":["GET"]}}],"collection":[{"href":"https:\/\/www.esteri.it\/it\/wp-json\/wp\/v2\/posts"}],"about":[{"href":"https:\/\/www.esteri.it\/it\/wp-json\/wp\/v2\/types\/post"}],"author":[{"embeddable":true,"href":"https:\/\/www.esteri.it\/it\/wp-json\/wp\/v2\/users\/1"}],"replies":[{"embeddable":true,"href":"https:\/\/www.esteri.it\/it\/wp-json\/wp\/v2\/comments?post=21709"}],"version-history":[{"count":0,"href":"https:\/\/www.esteri.it\/it\/wp-json\/wp\/v2\/posts\/21709\/revisions"}],"wp:attachment":[{"href":"https:\/\/www.esteri.it\/it\/wp-json\/wp\/v2\/media?parent=21709"}],"wp:term":[{"taxonomy":"category","embeddable":true,"href":"https:\/\/www.esteri.it\/it\/wp-json\/wp\/v2\/categories?post=21709"},{"taxonomy":"post_tag","embeddable":true,"href":"https:\/\/www.esteri.it\/it\/wp-json\/wp\/v2\/tags?post=21709"}],"curies":[{"name":"wp","href":"https:\/\/api.w.org\/{rel}","templated":true}]}}