{"id":21807,"date":"2020-05-13T11:21:15","date_gmt":"2020-05-13T09:21:15","guid":{"rendered":"https:\/\/www.esteri.it\/sala_stampa\/archivionotizie\/comunicati\/2020\/05\/alla-scoperta-dell-opera-di-arnaldo-pomodoro\/"},"modified":"2020-05-13T11:21:15","modified_gmt":"2020-05-13T09:21:15","slug":"alla-scoperta-dell-opera-di-arnaldo-pomodoro","status":"publish","type":"post","link":"https:\/\/www.esteri.it\/it\/sala_stampa\/archivionotizie\/eventi\/2020\/05\/alla-scoperta-dell-opera-di-arnaldo-pomodoro\/","title":{"rendered":"Alla scoperta dell&#8217;opera di Arnaldo Pomodoro"},"content":{"rendered":"<p>In tempi di pandemia si potr\u00e0 visitare e conoscere l&#8217;opera di Arnaldo Pomodoro con una tour virtuale alla\u00a0collezione dell&#8217;artista, il corpus dei suoi\u00a0lavori, i suoi carteggi con artisti e critici, i bozzetti \u00a0e tutti gli altri materiali del suo Archivio.\u00a0<\/p>\n<p>L&#8217;ingresso al &#8216;Labirinto&#8217; di Pomodoro, autore dell&#8217;enorme\u00a0sfera che caratterizza il piazzale della Farnesina e di\u00a0altre opere pittoriche e di scultura accolte negli\u00a0ambienti del Ministero degli Esteri, al momento sospeso diventa un tour virtuale organizzato dalla Fondazione Arnoldo Pomodoro. Il digital tour \u00e8\u00a0un\u2019occasione per\u00a0sperimentare, seppur da lontano,\u00a0come nasce un\u2019idea e come un\u2019ispirazione possa diventare un\u2019opera d\u2019arte.\u00a0All&#8217;esperienza sensoriale si aggiungono alcune\u00a0attivit\u00e0 educative e interattive divise per grado di difficolt\u00e0, pensate per essere accessibili ai pi\u00f9 piccoli come agli adulti. Un viaggio, dunque, che fa leva sulla fantasia e sulla creativit\u00e0.\u00a0<\/p>\n<p>Inoltre, con lo scopo di mantenere vivo il dialogo con la scuola e accorciare la distanza in questo momento di trasformazione, a partire dal\u00a0digital tour\u00a0la\u00a0Fondazione Arnaldo Pomodoro ha\u00a0ideato un concorso<strong>\u00a0<\/strong>dedicato alle scuole primarie e secondarie di primo grado sul tema della &#8216;gita scolastica nel Labirinto di Arnaldo Pomodoro&#8217;. Tutte le classi che si iscriveranno al concorso riceveranno in omaggio, per la biblioteca della scuola, il libro per bambini &#8216;Il Labirinto di Arnaldo Pomodoro&#8217;. Al concorso che prende il via oggi si potranno inviare i materiali prodotti alla mail\u00a0<a href=\"https:\/\/urlsand.esvalabs.com\/?u=https%3A%2F%2Fapi.artshell.eu%2Fredirect%3Fdispatch%3D5eba7de423e724001363e75c%26url%3Dmailto%3Adidattica%40fondazionearnaldopomodoro.it&#038;e=c75d7d81&#038;h=7c78411e&#038;f=n&#038;p=y\" target=\"_blank\" rel=\"noopener noreferrer\" title=\"api.artshell.eu\">didattica@fondazionearnaldopomodoro.it<\/a> entro e non oltre il 30 giugno 2020.<\/p>\n<p>Visita la pagina\u00a0<a href=\"en\/politica_estera\/promozione-integrata-del-sistema\/weareitaly\/weareitaly-art-e-design\" target=\"_blank\" rel=\"noopener noreferrer\">\/politica_estera\/promozione-integrata-del-sistema\/weareitaly\/weareitaly-art-e-design<\/a>\u00a0per scoprire altre iniziative di fruizione digitale del patrimonio artistico italiano e molto altro!<\/p>\n<p>\u00a0<\/p>\n<p><a href=\"https:\/\/fondazionearnaldopomodoro.it\/evento\/digital-tour-2\"><img loading=\"lazy\" decoding=\"async\" src=\"https:\/\/www.esteri.it\/mae\/resource\/img\/2020\/05\/schermata_2020-05-13_alle_11.07.59_am.png\" width=\"600\" height=\"577\" alt=\"schermata 2020-05-13 alle 11.07.59 am\" style=\"display: block; margin-left: auto; margin-right: auto;\" \/><\/a><\/p>\n<p>\u00a0<\/p>\n","protected":false},"excerpt":{"rendered":"In tempi di pandemia si potr\u00e0 visitare e conoscere l&#8217;opera di Arnaldo Pomodoro con una tour virtuale alla\u00a0collezione dell&#8217;artista, il corpus dei suoi\u00a0lavori, i suoi carteggi con artisti e critici, i bozzetti \u00a0e tutti gli altri materiali del suo Archivio.\u00a0 L&#8217;ingresso al &#8216;Labirinto&#8217; di Pomodoro, autore dell&#8217;enorme\u00a0sfera che caratterizza il piazzale della Farnesina e di\u00a0altre [&hellip;]","protected":false},"author":1,"featured_media":0,"comment_status":"","ping_status":"","sticky":false,"template":"","format":"standard","meta":{"footnotes":""},"categories":[21],"tags":[32],"class_list":["post-21807","post","type-post","status-publish","format-standard","hentry","category-eventi","tag-diplomazia-culturale"],"_links":{"self":[{"href":"https:\/\/www.esteri.it\/it\/wp-json\/wp\/v2\/posts\/21807","targetHints":{"allow":["GET"]}}],"collection":[{"href":"https:\/\/www.esteri.it\/it\/wp-json\/wp\/v2\/posts"}],"about":[{"href":"https:\/\/www.esteri.it\/it\/wp-json\/wp\/v2\/types\/post"}],"author":[{"embeddable":true,"href":"https:\/\/www.esteri.it\/it\/wp-json\/wp\/v2\/users\/1"}],"replies":[{"embeddable":true,"href":"https:\/\/www.esteri.it\/it\/wp-json\/wp\/v2\/comments?post=21807"}],"version-history":[{"count":0,"href":"https:\/\/www.esteri.it\/it\/wp-json\/wp\/v2\/posts\/21807\/revisions"}],"wp:attachment":[{"href":"https:\/\/www.esteri.it\/it\/wp-json\/wp\/v2\/media?parent=21807"}],"wp:term":[{"taxonomy":"category","embeddable":true,"href":"https:\/\/www.esteri.it\/it\/wp-json\/wp\/v2\/categories?post=21807"},{"taxonomy":"post_tag","embeddable":true,"href":"https:\/\/www.esteri.it\/it\/wp-json\/wp\/v2\/tags?post=21807"}],"curies":[{"name":"wp","href":"https:\/\/api.w.org\/{rel}","templated":true}]}}