{"id":21926,"date":"2019-10-03T16:38:04","date_gmt":"2019-10-03T14:38:04","guid":{"rendered":"https:\/\/www.esteri.it\/sala_stampa\/archivionotizie\/comunicati\/2019\/10\/partecipazione-del-sottosegretario-di-stefano-all-assemblea-di-assolombarda\/"},"modified":"2019-10-03T16:38:04","modified_gmt":"2019-10-03T14:38:04","slug":"partecipazione-del-sottosegretario-di-stefano-all-assemblea-di-assolombarda","status":"publish","type":"post","link":"https:\/\/www.esteri.it\/it\/sala_stampa\/archivionotizie\/eventi\/2019\/10\/partecipazione-del-sottosegretario-di-stefano-all-assemblea-di-assolombarda\/","title":{"rendered":"Il Sottosegretario Di Stefano all\u2019Assemblea di Assolombarda"},"content":{"rendered":"<p>Il Sottosegretario agli Affari Esteri e alla Cooperazione Internazionale, Manlio Di Stefano, ha partecipato oggi a Milano all\u2019Assemblea Generale di Assolombarda. L\u2019evento \u00e8 stato aperto dal Presidente del Consiglio dei Ministri, Giuseppe Conte, alla presenza del Presidente della Repubblica, Sergio Mattarella.<\/p>\n<p>&#8220;Ho partecipato anche quest&#8217;anno all&#8217;Assemblea Generale di Assolombarda e anche quest&#8217;anno ho apprezzato la franchezza sia nelle richieste che negli impegni formulati dagli imprenditori.\u201d \u2013 ha dichiarato il Sottosegretario. \u201cHo registrato sintonia tra le parole del Presidente di Confindustria Boccia e il Presidente del Consiglio Conte, in particolare in questa frase del primo: &#8220;Il patto di stabilit\u00e0 e crescita deve diventare il patto di crescita e stabilit\u00e0.&#8221; Siamo tutti totalmente d&#8217;accordo. Per troppi anni si \u00e8 assecondata la logica della stabilit\u00e0 come unica priorit\u00e0 quando \u00e8 invece la crescita il prerequisito della stabilit\u00e0. Il governo \u00e8 intenzionato a realizzare questa inversione di marcia e l&#8217;abbiamo ribadito oggi forte e chiaro.\u201d<\/p>\n","protected":false},"excerpt":{"rendered":"Il Sottosegretario agli Affari Esteri e alla Cooperazione Internazionale, Manlio Di Stefano, ha partecipato oggi a Milano all\u2019Assemblea Generale di Assolombarda. L\u2019evento \u00e8 stato aperto dal Presidente del Consiglio dei Ministri, Giuseppe Conte, alla presenza del Presidente della Repubblica, Sergio Mattarella. &#8220;Ho partecipato anche quest&#8217;anno all&#8217;Assemblea Generale di Assolombarda e anche quest&#8217;anno ho apprezzato la [&hellip;]","protected":false},"author":1,"featured_media":0,"comment_status":"","ping_status":"","sticky":false,"template":"","format":"standard","meta":{"footnotes":""},"categories":[21],"tags":[3,399],"class_list":["post-21926","post","type-post","status-publish","format-standard","hentry","category-eventi","tag-diplomazia-economica","tag-vice-ministri-e-sottosegretari-precedenti"],"_links":{"self":[{"href":"https:\/\/www.esteri.it\/it\/wp-json\/wp\/v2\/posts\/21926","targetHints":{"allow":["GET"]}}],"collection":[{"href":"https:\/\/www.esteri.it\/it\/wp-json\/wp\/v2\/posts"}],"about":[{"href":"https:\/\/www.esteri.it\/it\/wp-json\/wp\/v2\/types\/post"}],"author":[{"embeddable":true,"href":"https:\/\/www.esteri.it\/it\/wp-json\/wp\/v2\/users\/1"}],"replies":[{"embeddable":true,"href":"https:\/\/www.esteri.it\/it\/wp-json\/wp\/v2\/comments?post=21926"}],"version-history":[{"count":0,"href":"https:\/\/www.esteri.it\/it\/wp-json\/wp\/v2\/posts\/21926\/revisions"}],"wp:attachment":[{"href":"https:\/\/www.esteri.it\/it\/wp-json\/wp\/v2\/media?parent=21926"}],"wp:term":[{"taxonomy":"category","embeddable":true,"href":"https:\/\/www.esteri.it\/it\/wp-json\/wp\/v2\/categories?post=21926"},{"taxonomy":"post_tag","embeddable":true,"href":"https:\/\/www.esteri.it\/it\/wp-json\/wp\/v2\/tags?post=21926"}],"curies":[{"name":"wp","href":"https:\/\/api.w.org\/{rel}","templated":true}]}}