{"id":21980,"date":"2018-12-12T18:28:04","date_gmt":"2018-12-12T17:28:04","guid":{"rendered":"https:\/\/www.esteri.it\/sala_stampa\/archivionotizie\/comunicati\/2018\/12\/premio-sapienza-human-rights-2018-al-cidu\/"},"modified":"2018-12-12T18:28:04","modified_gmt":"2018-12-12T17:28:04","slug":"premio-sapienza-human-rights-2018-al-cidu","status":"publish","type":"post","link":"https:\/\/www.esteri.it\/it\/sala_stampa\/archivionotizie\/eventi\/2018\/12\/premio-sapienza-human-rights-2018-al-cidu\/","title":{"rendered":"Premio Sapienza Human Rights 2018 al CIDU"},"content":{"rendered":"<p><img decoding=\"async\" alt=\"petri\" src=\"https:\/\/www.esteri.it\/mae\/resource\/img\/2018\/12\/petri.jpg\" \/><\/p>\n<p>\u00a0Premio Sapienza Human Rights 2018 assegnato al CIDU<\/p>\n<p>E\u2019 stato conferito al Comitato Interministeriale per i Diritti Umani (CIDU) il prestigioso premio \u2018Sapienza Human Rights Award\u2019 2018.<\/p>\n<p>Il premio, istituito dal Master in Tutela Internazionale dei Diritti Umani dell\u2019Universit\u00e0 La Sapienza di Roma nel 2013, \u00e8 destinato ogni anno a enti o personalit\u00e0 che si sono distinte per la loro azione di promozione della causa dei diritti umani e di tutela della dignit\u00e0 umana.<\/p>\n<p>Il Master quest\u2019anno ha deciso l\u2019assegnazione del il Sapienza Human Rights Award al CIDU, di cui ricorre il 40\u00b0 anniversario, in ragione del &#8221;fondamentale ruolo svolto in questi anni nella promozione dei diritti umani in Italia&#8221;. \u00a0A ritirare la targa \u00e8 stato il Presidente del CIDU, Fabrizio Petri, nel corso della cerimonia di premiazione avvenuta presso il Dipartimento di Scienze della Terra dell\u2019Universit\u00e0, a conclusione della presentazione delle attivit\u00e0 del Master in Tutela Internazionale dei Diritti Umani coordinato dal professor Sergio Marchisio.<\/p>\n","protected":false},"excerpt":{"rendered":"\u00a0Premio Sapienza Human Rights 2018 assegnato al CIDU E\u2019 stato conferito al Comitato Interministeriale per i Diritti Umani (CIDU) il prestigioso premio \u2018Sapienza Human Rights Award\u2019 2018. Il premio, istituito dal Master in Tutela Internazionale dei Diritti Umani dell\u2019Universit\u00e0 La Sapienza di Roma nel 2013, \u00e8 destinato ogni anno a enti o personalit\u00e0 che si [&hellip;]","protected":false},"author":1,"featured_media":0,"comment_status":"","ping_status":"","sticky":false,"template":"","format":"standard","meta":{"footnotes":""},"categories":[21],"tags":[43],"class_list":["post-21980","post","type-post","status-publish","format-standard","hentry","category-eventi","tag-diritti-umani"],"_links":{"self":[{"href":"https:\/\/www.esteri.it\/it\/wp-json\/wp\/v2\/posts\/21980","targetHints":{"allow":["GET"]}}],"collection":[{"href":"https:\/\/www.esteri.it\/it\/wp-json\/wp\/v2\/posts"}],"about":[{"href":"https:\/\/www.esteri.it\/it\/wp-json\/wp\/v2\/types\/post"}],"author":[{"embeddable":true,"href":"https:\/\/www.esteri.it\/it\/wp-json\/wp\/v2\/users\/1"}],"replies":[{"embeddable":true,"href":"https:\/\/www.esteri.it\/it\/wp-json\/wp\/v2\/comments?post=21980"}],"version-history":[{"count":0,"href":"https:\/\/www.esteri.it\/it\/wp-json\/wp\/v2\/posts\/21980\/revisions"}],"wp:attachment":[{"href":"https:\/\/www.esteri.it\/it\/wp-json\/wp\/v2\/media?parent=21980"}],"wp:term":[{"taxonomy":"category","embeddable":true,"href":"https:\/\/www.esteri.it\/it\/wp-json\/wp\/v2\/categories?post=21980"},{"taxonomy":"post_tag","embeddable":true,"href":"https:\/\/www.esteri.it\/it\/wp-json\/wp\/v2\/tags?post=21980"}],"curies":[{"name":"wp","href":"https:\/\/api.w.org\/{rel}","templated":true}]}}