{"id":21990,"date":"2018-11-19T18:35:14","date_gmt":"2018-11-19T17:35:14","guid":{"rendered":"https:\/\/www.esteri.it\/sala_stampa\/archivionotizie\/comunicati\/2018\/11\/unita-di-crisi-e-luiss-per-la-sicurezza-degli-studenti\/"},"modified":"2018-11-19T18:35:14","modified_gmt":"2018-11-19T17:35:14","slug":"unita-di-crisi-e-luiss-per-la-sicurezza-degli-studenti","status":"publish","type":"post","link":"https:\/\/www.esteri.it\/it\/sala_stampa\/archivionotizie\/eventi\/2018\/11\/unita-di-crisi-e-luiss-per-la-sicurezza-degli-studenti\/","title":{"rendered":"Unit\u00e0 di Crisi e LUISS per la sicurezza degli studenti"},"content":{"rendered":"<p><img loading=\"lazy\" decoding=\"async\" src=\"\/mae\/resource\/img\/2018\/11\/foto_firma_convenzione_luiss_-_unit_di_crisi.jpg\" width=\"600\" height=\"398\" alt=\"Convenzione  Luiss - Unit\u00e0 di crisi\" \/><\/p>\n<p>Tutelare la sicurezza degli studenti in trasferta all\u2019estero ed educare a comportamenti di viaggio sempre pi\u00f9 consapevoli e responsabili. Sono questi gli obiettivi della Convezione stipulata oggi alla Farnesina tra l\u2019Unit\u00e0 di Crisi e la LUISS.<\/p>\n<p>L\u2019accordo ha una prospettiva di lungo termine e prevede un ampio ventaglio di attivit\u00e0: laboratori sperimentali pratici nell\u2019ambito del LUISS Academic Gym, moduli di formazione sulla gestione dei rischi, e soprattutto un\u2019integrazione tra la SuperAPP LUISS e i portali di viaggio curati dall\u2019Unit\u00e0 di Crisi: \u201c<a href=\"http:\/\/Viaggiaresicuri.it\">Viaggiaresicuri.it<\/a>\u201d, autorevole patrimonio informativo pubblico sulle condizioni di sicurezza in tutti i Paesi del mondo, e \u201c<a href=\"http:\/\/Dovesiamonelmondo.it\">Dovesiamonelmondo.it<\/a>\u201d, il database al quale tutti gli italiani sono invitati iscriversi prima di intraprendere un viaggio all\u2019estero, per restare in contatto con l\u2019Unit\u00e0 di Crisi in situazioni di emergenza.<\/p>\n<p><i>\u201cL\u2019intesa di oggi costituisce una tappa fondamentale nel percorso che abbiamo intrapreso di forte apertura al mondo delle Universit\u00e0. I giovani che oggi si muovono nel mondo sono oggettivamente esposti a quel sensibile mutamento delle condizioni di sicurezza di cui tutti siamo consapevoli, e che ha investito ormai la generalit\u00e0 dei Paesi, incluse le grandi metropoli sedi di istituzioni universitarie, da Parigi a Berlino, da Londra a Barcellona, a New York \u201d- <\/i>cos\u00ec <strong>Stefano Verrecchia<\/strong>, Capo dell\u2019Unit\u00e0 di Crisi della Farnesina-<i> \u00a0\u201cContinuare a viaggiare, a scoprire il mondo, \u00e8 oggi pi\u00f9 che mai essenziale, sia per lo sviluppo delle capacit\u00e0 individuali dei nostri figli che per la difesa del nostro modello di societ\u00e0 aperta. Davanti all\u2019emergere di nuove conflittualit\u00e0, del terrorismo, di imprevedibili e sempre pi\u00f9 diffuse calamit\u00e0 naturali, tutte le Istituzioni, sia pubbliche che private, sono chiamate a dare una risposta ad un pi\u00f9 acuto bisogno di sicurezza e protezione. Occorre al contempo nei singoli un radicamento di quella \u201ccultura del viaggiare responsabile\u201d, della quale da sempre l\u2019Unit\u00e0 di Crisi della Farnesina \u00e8 alfiere. Una sfida grande e positiva che, insieme con la LUISS e con i suoi studenti, vogliamo raccogliere\u201d.<\/i><\/p>\n<p>Con all\u2019attivo oltre 200 accordi di scambio e pi\u00f9 di 35 accordi di doppia laurea e percorsi di mobilit\u00e0 strutturata con 270 universit\u00e0 in 53 paesi, ad oggi sono circa 1000 gli studenti LUISS che ogni anno sono impegnati in percorsi di studio in tutto il mondo.<\/p>\n<p>\u201c<i>Siamo molto orgogliosi come Universit\u00e0 di aver adottato il sistema di sicurezza sulla mobilit\u00e0 internazionale fruibile da tutti gli studenti LUISS che potranno anche sincronizzare i loro viaggi direttamente dalla app dell\u2019Ateneo. Una utilissima opportunit\u00e0 per valorizzare ciascuna esperienza di studio all\u2019estero anche sotto un profilo di maggiore consapevolezza degli studenti verso il ruolo di guida che le istituzioni del nostro Paese svolgono anche nella formazione dei nostri ragazzi\u201d <\/i>ha dichiarato il Direttore Generale della LUISS <strong>Giovanni Lo Storto<\/strong>.<\/p>\n","protected":false},"excerpt":{"rendered":"Tutelare la sicurezza degli studenti in trasferta all\u2019estero ed educare a comportamenti di viaggio sempre pi\u00f9 consapevoli e responsabili. Sono questi gli obiettivi della Convezione stipulata oggi alla Farnesina tra l\u2019Unit\u00e0 di Crisi e la LUISS. L\u2019accordo ha una prospettiva di lungo termine e prevede un ampio ventaglio di attivit\u00e0: laboratori sperimentali pratici nell\u2019ambito del [&hellip;]","protected":false},"author":1,"featured_media":0,"comment_status":"","ping_status":"","sticky":false,"template":"","format":"standard","meta":{"footnotes":""},"categories":[21],"tags":[7],"class_list":["post-21990","post","type-post","status-publish","format-standard","hentry","category-eventi","tag-italiani-nel-mondo"],"_links":{"self":[{"href":"https:\/\/www.esteri.it\/it\/wp-json\/wp\/v2\/posts\/21990","targetHints":{"allow":["GET"]}}],"collection":[{"href":"https:\/\/www.esteri.it\/it\/wp-json\/wp\/v2\/posts"}],"about":[{"href":"https:\/\/www.esteri.it\/it\/wp-json\/wp\/v2\/types\/post"}],"author":[{"embeddable":true,"href":"https:\/\/www.esteri.it\/it\/wp-json\/wp\/v2\/users\/1"}],"replies":[{"embeddable":true,"href":"https:\/\/www.esteri.it\/it\/wp-json\/wp\/v2\/comments?post=21990"}],"version-history":[{"count":0,"href":"https:\/\/www.esteri.it\/it\/wp-json\/wp\/v2\/posts\/21990\/revisions"}],"wp:attachment":[{"href":"https:\/\/www.esteri.it\/it\/wp-json\/wp\/v2\/media?parent=21990"}],"wp:term":[{"taxonomy":"category","embeddable":true,"href":"https:\/\/www.esteri.it\/it\/wp-json\/wp\/v2\/categories?post=21990"},{"taxonomy":"post_tag","embeddable":true,"href":"https:\/\/www.esteri.it\/it\/wp-json\/wp\/v2\/tags?post=21990"}],"curies":[{"name":"wp","href":"https:\/\/api.w.org\/{rel}","templated":true}]}}