{"id":21998,"date":"2018-10-16T12:50:45","date_gmt":"2018-10-16T10:50:45","guid":{"rendered":"https:\/\/www.esteri.it\/sala_stampa\/archivionotizie\/comunicati\/2018\/10\/giornata-alimentazione-guerra-agli-sprechi-per-famezero\/"},"modified":"2018-10-16T12:50:45","modified_gmt":"2018-10-16T10:50:45","slug":"giornata-alimentazione-guerra-agli-sprechi-per-famezero","status":"publish","type":"post","link":"https:\/\/www.esteri.it\/it\/sala_stampa\/archivionotizie\/eventi\/2018\/10\/giornata-alimentazione-guerra-agli-sprechi-per-famezero\/","title":{"rendered":"Giornata alimentazione: guerra agli sprechi per #FameZero"},"content":{"rendered":"<p>&#8216;Fame Zero&#8217; \u00e8\u00a0l&#8217;obiettivo mondiale per l&#8217;abolizione della malnutrizione entro il 2030. Un obiettivo\u00a0ambizioso ma che\u00a0 tutti insieme\u00a0possiamo raggiungere.\u00a0Per farlo&#8221;\u00a0\u00e8 urgente mettere in campo\u00a0 azioni concrete&#8221; ha dichiarato il vice ministro agli Affari Esteri, Emanuela Del Re, nel corso della conferenza internazionale organizzata alla Farnesina\u00a0 in occasione della Giornata mondiale dell&#8217;Alimentazione.\u00a0 Il vice ministro ha dunque\u00a0sollecitato &#8221;tutti gli attori coinvolti ad agire sinergicamente e in maniera coordinata per raggiungere l&#8217;obiettivo\u00a0 e restituire alle popolazioni malnutrite la loro dignit\u00e0&#8221;. \u00a0 Il cammino \u00e8 in salita perch\u00e9 i numeri parlano di\u00a0 821 milioni di persone che hanno sofferto la fame nel 2017, il 60% di loro sono donne. E nonostante il mondo produca cibo sufficiente per sfamare tutti, una persona su nove soffre la fame. Pi\u00f9 della met\u00e0 di chi non ha cibo vive in Paesi colpiti da guerre. Circa il 70% delle popolazioni pi\u00f9 povere vive in aree rurali e lavora in agricoltura. La fame uccide pi\u00f9 dell&#8217;aids e della tubercolosi e il 45% delle morti infantili \u00e8 dovuto alla denutrizione mentre 151 milioni di bambini al di sotto dei 5 anni soffrono di rachitismo. Di contro 1,9 miliardi di persone, oltre un quarto della popolazione mondiale, sono in sovrappeso. Gli obesi sono 672 milioni e 3,4 milioni di persone muoiono ogni anno per problemi legati all&#8217;obesit\u00e0. Inoltre un\u00a0terzo del cibo prodotto nel mondo va perduto o sprecato, con un costo di 680 miliardi nei Paesi industrializzati e 310 miliardi in quelli in via di sviluppo. E non basta: il 6% dei gas serra \u00e8 provocato dagli sprechi alimentari che conferiscono nelle discariche. Dunque un doppio danno: ambientale e umanitario. La principale causa di insicurezza alimentare sono\u00a0 i conflitti e i fenomeni meteorologici estremi che aumentano le migrazioni. Questi fattori, associati al rallentamento dell&#8217;economia e all&#8217;aumento dei livelli di sovrappeso e obesit\u00e0, hanno spazzato via, secondo quanto riferisce la Fao, oltre un decennio di progressi nella lotta contro la fame. \u00a0 Ma non mancano segnali di speranza. Grazie alla Fao nella Repubblica democratica del Congo, ad esempio, uomini e donne della provincia di Tshopo si sono riuniti per discutere di pesca, tradizionalmente appannaggio dei soli uomini. Dopo aver deciso di aprire alle donne si \u00e8 avuto un aumento del pescato e del reddito di cui ha beneficiato l&#8217;intera comunit\u00e0. In Gambia e Senegal, con il programma Fao &#8216;un milione di cisterne&#8217; per la raccolta e conservazione dell&#8217;acqua piovana si \u00e8 riusciti a migliorare la produzione agricola e la nutrizione delle famiglie rafforzando la resilienza. E senza andare troppo lontano,\u00a0 un appello a imparare, nelle nostre opulente cucine, a non sprecare cibo \u00e8 arrivato dal celebre chef Carlo Cracco testimonial Ifad (Fondo internazionale per lo sviluppo agricolo). &#8221;Comprare di meno fa bene al nostro portafoglio ma anche al problema della fame nel mondo &#8211;\u00a0sostiene Cracco &#8211; impariamo a non lasciarci attrarre nei supermercati da cose &#8216;colorate&#8217; che stazionano poi nei nostri frigoriferi fino a quando non vengono gettate via. Torniamo a riciclare il cibo avanzato, anche questo \u00e8 saper cucinare&#8221;.<\/p>\n","protected":false},"excerpt":{"rendered":"&#8216;Fame Zero&#8217; \u00e8\u00a0l&#8217;obiettivo mondiale per l&#8217;abolizione della malnutrizione entro il 2030. Un obiettivo\u00a0ambizioso ma che\u00a0 tutti insieme\u00a0possiamo raggiungere.\u00a0Per farlo&#8221;\u00a0\u00e8 urgente mettere in campo\u00a0 azioni concrete&#8221; ha dichiarato il vice ministro agli Affari Esteri, Emanuela Del Re, nel corso della conferenza internazionale organizzata alla Farnesina\u00a0 in occasione della Giornata mondiale dell&#8217;Alimentazione.\u00a0 Il vice ministro ha dunque\u00a0sollecitato [&hellip;]","protected":false},"author":1,"featured_media":0,"comment_status":"","ping_status":"","sticky":false,"template":"","format":"standard","meta":{"footnotes":""},"categories":[21],"tags":[],"class_list":["post-21998","post","type-post","status-publish","format-standard","hentry","category-eventi"],"_links":{"self":[{"href":"https:\/\/www.esteri.it\/it\/wp-json\/wp\/v2\/posts\/21998","targetHints":{"allow":["GET"]}}],"collection":[{"href":"https:\/\/www.esteri.it\/it\/wp-json\/wp\/v2\/posts"}],"about":[{"href":"https:\/\/www.esteri.it\/it\/wp-json\/wp\/v2\/types\/post"}],"author":[{"embeddable":true,"href":"https:\/\/www.esteri.it\/it\/wp-json\/wp\/v2\/users\/1"}],"replies":[{"embeddable":true,"href":"https:\/\/www.esteri.it\/it\/wp-json\/wp\/v2\/comments?post=21998"}],"version-history":[{"count":0,"href":"https:\/\/www.esteri.it\/it\/wp-json\/wp\/v2\/posts\/21998\/revisions"}],"wp:attachment":[{"href":"https:\/\/www.esteri.it\/it\/wp-json\/wp\/v2\/media?parent=21998"}],"wp:term":[{"taxonomy":"category","embeddable":true,"href":"https:\/\/www.esteri.it\/it\/wp-json\/wp\/v2\/categories?post=21998"},{"taxonomy":"post_tag","embeddable":true,"href":"https:\/\/www.esteri.it\/it\/wp-json\/wp\/v2\/tags?post=21998"}],"curies":[{"name":"wp","href":"https:\/\/api.w.org\/{rel}","templated":true}]}}