{"id":22068,"date":"2018-01-29T11:39:01","date_gmt":"2018-01-29T10:39:01","guid":{"rendered":"https:\/\/www.esteri.it\/sala_stampa\/archivionotizie\/comunicati\/2018\/01\/discorso-dell-on-ministro-alla_20\/"},"modified":"2018-01-29T11:39:01","modified_gmt":"2018-01-29T10:39:01","slug":"discorso-dell-on-ministro-alla_20","status":"publish","type":"post","link":"https:\/\/www.esteri.it\/it\/sala_stampa\/archivionotizie\/interventi\/2018\/01\/discorso-dell-on-ministro-alla_20\/","title":{"rendered":"Discorso dell\u2019On. Ministro alla Conferenza di Roma sull\u2019Antisemitismo"},"content":{"rendered":"<p style=\"text-align: justify;\">Farnesina, 29 gennaio 2018<\/p>\n<p style=\"text-align: justify;\">\u00a0<\/p>\n<p style=\"text-align: justify;\">(fa fede il testo effettivamente pronunciato)<\/p>\n<p>\u00a0<\/p>\n<p>Segretario Generale Greminger, <i><\/i><\/p>\n<p>Direttrice Gisladottir,<i><\/i><\/p>\n<p>Presidente Di Segni, <i><\/i><\/p>\n<p>Presidente Lauder,<i> <\/i><\/p>\n<p>Presidente Kantor,<i> <\/i><\/p>\n<p>Signore e Signori,<\/p>\n<p style=\"text-align: justify;\">Grazie per essere qui e benvenuti a Roma! Rivolgo un caloroso saluto ai Ministri, ai Vice Ministri e agli Ambasciatori dei paesi partecipanti e paesi <i>partner <\/i>dell\u2019OSCE; alle tante illustre personalit\u00e0 presenti; e a tutti i relatori che ci offriranno idee e stimoli per proseguire, con rinnovata determinazione, nella lotta contro l\u2019antisemitismo.\u00a0 \u00a0<\/p>\n<p style=\"text-align: justify;\">Un ringraziamento speciale va a tutti coloro che hanno contribuito all\u2019organizzazione di questo evento: a partire dall\u2019OSCE e dall\u2019Unione delle Comunit\u00e0 Ebraiche Italiane; e inoltre: alla Fondazione Centro di Documentazione Ebraica Contemporanea con il Presidente Giorgio Sacerdoti, il Direttore Gadi Luzzatto ed Elena Loewenthal; al Prof. Salvatore Martinez <i>(Presidente dell\u2019Osservatorio italiano sulle minoranze religiose nel mondo e sul rispetto della libert\u00e0 religiosa); <\/i>al Rabbino Baker <i>(Rappresentante Personale OSCE per la Lotta all\u2019Antisemitismo);<\/i> all\u2019Avv. Ruben e all\u2019Ambasciatore Tal\u00f2.<\/p>\n<p style=\"text-align: justify;\">Rivolgo un saluto particolare al Rabbino Israel Meir Lau, Presidente di Yad Vashem, che ci onora con la sua presenza. Con lui abbiamo altri sopravvissuti alla pi\u00f9 grande tragedia della storia dell\u2019odio dell\u2019uomo verso l\u2019uomo: la Shoah. A loro un saluto molto speciale.<\/p>\n<p style=\"text-align: justify;\">Vorrei anche formulare pubblicamente i miei pi\u00f9 calorosi rallegramenti a Liliana Segre, nominata pochi giorni fa \u201cSenatrice a vita\u201d dal Presidente Mattarella. Liliana Segre fu deportata ad Auschwitz all\u2019et\u00e0 di 13 anni. E\u2019 una dei soli 25 sopravvissuti tra i 776 bambini italiani di et\u00e0 inferiore ai 14 anni internati in campi di concentramento.<\/p>\n<p style=\"text-align: justify;\">Come tanti, il suo viaggio dell\u2019orrore incominci\u00f2 dal Binario 21 della Stazione Centrale di Milano. Il Binario 21 \u00e8 oggi un luogo della memoria. Ad accogliere i visitatori c\u2019\u00e8 una grande scritta: \u201cindifferenza\u201d. Sta ad indicare il sentimento che &#8211; pi\u00f9 di ogni altro &#8211; ha fatto patire gli ebrei italiani. L\u2019indifferenza di tanti italiani nei confronti della tragedia che colp\u00ec i loro connazionali.<\/p>\n<p style=\"text-align: justify;\">Io sono nato nel 1970. La mia generazione \u00e8 una generazione fortunata. Per la mia generazione prendere un treno ha significato libert\u00e0 e l\u2019opportunit\u00e0 di girare per l\u2019Europa. Ma non dobbiamo dimenticare che, anche nell\u2019Europa attuale, i \u201cbinari dell\u2019indifferenza\u201d possono ancora condurci all\u2019abisso.<\/p>\n<p style=\"text-align: justify;\"><i>\u00a0<\/i><\/p>\n<p style=\"text-align: justify;\">\u201cL\u2019indifferenza \u00e8 l&#8217;epitome del male, ma se qualcosa pu\u00f2 salvare l&#8217;umanit\u00e0 \u00e8 la memoria\u201d.<i> <\/i>Questa frase del premio Nobel per la pace Elie Wiesel deve servirci da monito quando si registrano nuovi atti di antisemitismo, di discriminazione, di razzismo, di xenofobia e di islamofobia nelle nostre citt\u00e0.<\/p>\n<p style=\"text-align: justify;\">La memoria \u00e8 imprescindibile. Ma \u00e8 ugualmente importante &#8211; per il presente e per il futuro &#8211; \u00a0essere pi\u00f9 incisivi nelle nostre azioni di contrasto all\u2019antisemitismo e ad ogni forma di discriminazione. Questo \u00e8 il senso del nostro evento di oggi. Perch\u00e9 la ruota del fanatismo pu\u00f2 tornare a girare ovunque. Non possiamo semplicemente guardarla da lontano. Per fermarla, dobbiamo prendere posizione e assumere azioni coraggiose ed immediate. E dobbiamo invece allarmarci quando l&#8217;antisemitismo cresce senza reazione; quando si tace di fronte a marce antisemite. Perch\u00e9 il silenzio favorisce l&#8217;aggressore, mai la vittima. E poi, troppo facilmente, si apre la porta alla violenza. Dopo tutto quello che abbiamo vissuto e sofferto, nella nostra storia, non possiamo pi\u00f9 accettare odiose parole evocative di supremazia razziale!<\/p>\n<p style=\"text-align: justify;\">Questa mia convinzione e questi valori hanno ispirato tutta la mia vita politica. Lo conferma il fatto che anche da Ministro della Giustizia e da Ministro dell\u2019Interno mi sono fortemente battuto per l\u2019adozione di provvedimenti per la criminalizzazione dell\u2019intolleranza antisemita e del negazionismo. Ricordo di aver firmato centinaia di decreti di espulsione di estremisti che volevano piantare nella nostra societ\u00e0 i semi di questa orribile intolleranza. Sono stati atti innovativi nel nostro sistema. E mi piacerebbe impegnarmi ancora sul progetto di cui in questi giorni mi ha fatto cenno la Presidente Di Segni: la possibilit\u00e0 di istituire anche in Italia la figura di un Coordinatore per la lotta all&#8217;antisemitismo.<\/p>\n<p style=\"text-align: justify;\">I prossimi mesi potranno offrirci nuove opportunit\u00e0. Oltre alla Presidenza OSCE, quest\u2019anno l\u2019Italia assumer\u00e0 infatti la Presidenza dell\u2019Alleanza Internazionale per la Memoria dell&#8217;Olocausto <i>(6 marzo)<\/i>. La concomitanza di queste due presidenze offre l\u2019occasione per compiere nuovi e concreti progressi nel contrasto all\u2019antisemitismo.<\/p>\n<p style=\"text-align: justify;\">E incominciamo da questa Conferenza, la cui importanza c\u2019\u00e8 stata confermata anche dall\u2019onore e dal privilegio accordatici dal Santo Padre con l\u2019udienza di questa mattina. Vorrei per\u00f2 sviluppare in modo pi\u00f9 articolato le ragioni che ci hanno spinto ad organizzare questa Conferenza.<\/p>\n<p style=\"text-align: justify;\">Una prima risposta, in parte, l\u2019ho voluta gi\u00e0 dare in premessa: ci sono troppi pericolosi segnali di una nuova ondata di razzismo e di antisemitismo nell\u2019area OSCE. Dobbiamo contrastare la recrudescenza di questi fenomeni perch\u00e9 \u00e8 in gioco la nostra sicurezza; quella stessa sicurezza che \u00e8 all\u2019origine della nascita dell\u2019OSCE. Nel corso della Presidenza italiana, grazie anche al sostegno dell\u2019Ufficio OSCE per le istituzioni democratiche e i diritti dell\u2019uomo, promuoveremo eventi dedicati alle minacce e alle discriminazioni che colpiscono ebrei, cristiani, musulmani e persone di ogni altra fede.<\/p>\n<p style=\"text-align: justify;\">La libert\u00e0 religiosa \u00e8 un principio essenziale di convivenza umana e delle relazioni fra Stati. La sua negazione mette in pericolo i diritti elementari di ogni persona. E se l\u2019aggressione \u00e8 perpetrata contro intere comunit\u00e0, si innesca una spirale perversa che mette in pericolo la sicurezza e la pace tra i popoli. Dir\u00f2 di pi\u00f9: la libert\u00e0 religiosa \u00e8 un diritto naturale che precede persino la dimensione politica. Il rapporto fra l\u2019uomo e il proprio Dio \u00e8 molto pi\u00f9 antico del rapporto fra l\u2019uomo e la sua forma di Governo. La libert\u00e0 di pregare \u00e8 alla base \u00a0del diritto e della democrazia. Ne discende che \u00e8 una libert\u00e0 che deve essere \u201criconosciuta\u201d e \u201cdifesa\u201d e non \u201cconcessa\u201d dallo Stato all\u2019individuo.\u00a0<\/p>\n<p style=\"text-align: justify;\">E\u2019 con questo spirito che ho istituito presso la Farnesina l&#8217;Osservatorio italiano sulle minoranze religiose nel mondo e sul rispetto della libert\u00e0 religiosa, presieduto dal Prof. Martinez che ho poi nominato mio Rappresentante Personale per la Lotta al Razzismo, alla Xenofobia e alla Discriminazione. Gli ho chiesto e sta gi\u00e0 lavorando in stretto contatto con il Rappresentante Personale per la Lotta all\u2019Antisemitismo, Rabbino Baker, e con il Rappresentante Personale per la Lotta all\u2019Intolleranza e alla Discriminazione contro Musulmani, Prof. Senay, per dare grande centralit\u00e0 a questi temi nel corso della nostra Presidenza OSCE.\u00a0<\/p>\n<p style=\"text-align: justify;\">Un\u2019ulteriore risposta alla mia domanda &#8211; perch\u00e9 organizzare una conferenza qui a Roma e adesso? &#8211; sta nel logo della Conferenza. Da una parte simboleggia una storia tragica: perch\u00e9 nell\u2019ottica storica si pu\u00f2 guardare all\u2019Arco di Tito &#8211; con la Menor\u00e0 al suo interno &#8211; come un \u00a0momento di trionfo dei Romani sugli Ebrei, dopo la distruzione del Tempio di Gerusalemme. Dall\u2019altra, questo logo simboleggia speranza e responsabilit\u00e0: perch\u00e9 adesso \u00e8 come se la Menor\u00e0 uscisse trionfante da quell\u2019arco, diffondendo la sua luce. Questo logo \u00e8 il simbolo di un legame speciale fra Roma e la Comunit\u00e0 ebraica. La Comunit\u00e0 ebraica \u00e8 presente dagli albori della storia di Roma e ha concorso alla nascita della nostra nazione. Tanti illustri membri di questa comunit\u00e0 contribuirono da protagonisti all\u2019Unit\u00e0 d\u2019Italia.\u00a0<\/p>\n<p style=\"text-align: justify;\">Oggi, l\u2019Italia \u00e8 un paese maturo e responsabile che intende fare i conti con la propria storia. Una storia ricca di secoli di cultura, che tuttavia contiene anche passaggi dolorosi e colpe gravi su cui non si pu\u00f2 tacere. In particolare, quest\u2019anno, ricorrono gli 80 anni dalla promulgazione delle ignobili leggi razziali, adottate ed attuate tra complicit\u00e0 diffuse: dagli organi costituzionali a quelli amministrativi, fino a funzionari e cittadini che non seppero assumersi la responsabilit\u00e0 di dire \u201cno\u201d. Ci\u00f2 che il Presidente Mattarella ha definito \u201cuna macchia indelebile della nostra storia\u201d. \u00a0<\/p>\n<p style=\"text-align: justify;\">Quest\u2019anno, ho dato indicazioni agli Istituti Italiani di Cultura nel mondo di mettere nel loro palinsesto opere di cinema e di letteratura che ricordino quei terribili anni.<\/p>\n<p style=\"text-align: justify;\">Da una ricorrenza tragica passo ad un anniversario da celebrare con gioia: nell\u2019anno di nostra Presidenza dell\u2019OSCE ricorre il 70\u00b0 anniversario della Dichiarazione Universale dei Diritti dell\u2019Uomo. Diritti che non solo vanno difesi, ma anche e soprattutto promossi.\u00a0<\/p>\n<p style=\"text-align: justify;\">La difesa e la promozione dei diritti e delle libert\u00e0 fondamentali \u00e8 una profonda responsabilit\u00e0 politica, che anch\u2019io avverto in modo molto forte e netto. Per questo, abbiamo voluto che il filo conduttore di questa Conferenza fosse appunto \u201cla responsabilit\u00e0\u201d.<\/p>\n<p style=\"text-align: justify;\">Mi hanno detto che la radice della parola \u201cresponsabilit\u00e0\u201d in ebraico <i>(hachrai\u00f9t)<\/i> deriva dalla parola \u201caltro\u201d <i>(ach\u00e8r).<\/i> Significa confrontarsi e misurarsi con il prossimo, che poi \u00e8 l\u2019obiettivo di chi ha responsabilit\u00e0 politiche e civiche. Si lega anche molto bene con l\u2019applicazione del principio ebraico del \u201cTikkun Olam\u201d: la \u201ccorrezione del mondo\u201d, che indica l\u2019impegno a rendere pi\u00f9 giusto il mondo in cui viviamo.<\/p>\n<p style=\"text-align: justify;\">Con l&#8217;incontro di oggi non pretendiamo, n\u00e9 ci illudiamo, di cambiare il mondo, ma di richiamare l\u2019attenzione dei nostri Paesi e dei nostri cittadini su alcune misure per contrastare il virus dell\u2019antisemitismo.<\/p>\n<p style=\"text-align: justify;\">Il primo panel affronter\u00e0 il ruolo dei legislatori e dei funzionari pubblici. In Italia, in questa legislatura, il Parlamento ha approvato norme che puniscono severamente l\u2019antisemitismo e il negazionismo, nonch\u00e9 ogni forma di discriminazione religiosa, etnica e razziale. Ma questi odi non possono essere sradicati solo dalla legge. E\u2019 richiesto uno sforzo costante da parte dei nostri leader religiosi e dei nostri educatori, soprattutto nei confronti dei giovani, per promuovere una societ\u00e0 sempre pi\u00f9 tollerante e aperta. Questi saranno i temi dei successivi panel.<\/p>\n<p style=\"text-align: justify;\">Ci sar\u00e0 anche una sessione dedicata alle piattaforme digitali. Troppo spesso, le <i>fake news<\/i> che circolano sui social media ci ricordano le falsit\u00e0 contro gli ebrei diffuse negli anni \u201930. Purtroppo, queste <i>fake news<\/i> si mimetizzano come un serpente velenoso, pronto a mordere chi \u00e8 pi\u00f9 vulnerabile e indifeso. Grandi iniziative come quella odierna vogliono essere una sorta di antidoto politico al veleno delle falsit\u00e0 antisemite. Quell\u2019antidoto connaturato nei valori di umanit\u00e0 e di tolleranza che nell\u2019area OSCE condividiamo e promuoviamo.<\/p>\n<p style=\"text-align: justify;\">Concludo ricordando un antico detto latino che dice che <i>\u201ctutte le strade conducono a Roma\u201d<\/i>. Ecco, vorrei ribaltare il detto. Vorrei che oggi da Roma partissero e si irradiassero &#8211; per tutta l\u2019area dell\u2019OSCE &#8211; nuove vie di responsabilit\u00e0 e di tolleranza in difesa dei diritti fondamentali e in contrasto a ogni espressione di antisemitismo. Sono convinto che se ognuno di noi si impegner\u00e0 a fondo potremo creare insieme una \u201cinfrastruttura\u201d di consapevolezza e di cultura che possa garantire libert\u00e0 e diritti ai nostri cittadini e sicurezza ai nostri Stati. Questa \u00e8 la nostra responsabilit\u00e0 contro l\u2019indifferenza. Questo \u00e8 il modo migliore per far s\u00ec che il tempo dell\u2019odio e della discriminazione sia per sempre \u201cconiugato\u201d al passato e mai pi\u00f9 al presente o al futuro.<\/p>\n","protected":false},"excerpt":{"rendered":"Farnesina, 29 gennaio 2018 \u00a0 (fa fede il testo effettivamente pronunciato) \u00a0 Segretario Generale Greminger, Direttrice Gisladottir, Presidente Di Segni, Presidente Lauder, Presidente Kantor, Signore e Signori, Grazie per essere qui e benvenuti a Roma! Rivolgo un caloroso saluto ai Ministri, ai Vice Ministri e agli Ambasciatori dei paesi partecipanti e paesi partner dell\u2019OSCE; alle [&hellip;]","protected":false},"author":1,"featured_media":0,"comment_status":"","ping_status":"","sticky":false,"template":"","format":"standard","meta":{"footnotes":""},"categories":[22],"tags":[76],"class_list":["post-22068","post","type-post","status-publish","format-standard","hentry","category-interventi","tag-ministri-precedenti"],"_links":{"self":[{"href":"https:\/\/www.esteri.it\/it\/wp-json\/wp\/v2\/posts\/22068","targetHints":{"allow":["GET"]}}],"collection":[{"href":"https:\/\/www.esteri.it\/it\/wp-json\/wp\/v2\/posts"}],"about":[{"href":"https:\/\/www.esteri.it\/it\/wp-json\/wp\/v2\/types\/post"}],"author":[{"embeddable":true,"href":"https:\/\/www.esteri.it\/it\/wp-json\/wp\/v2\/users\/1"}],"replies":[{"embeddable":true,"href":"https:\/\/www.esteri.it\/it\/wp-json\/wp\/v2\/comments?post=22068"}],"version-history":[{"count":0,"href":"https:\/\/www.esteri.it\/it\/wp-json\/wp\/v2\/posts\/22068\/revisions"}],"wp:attachment":[{"href":"https:\/\/www.esteri.it\/it\/wp-json\/wp\/v2\/media?parent=22068"}],"wp:term":[{"taxonomy":"category","embeddable":true,"href":"https:\/\/www.esteri.it\/it\/wp-json\/wp\/v2\/categories?post=22068"},{"taxonomy":"post_tag","embeddable":true,"href":"https:\/\/www.esteri.it\/it\/wp-json\/wp\/v2\/tags?post=22068"}],"curies":[{"name":"wp","href":"https:\/\/api.w.org\/{rel}","templated":true}]}}