{"id":22095,"date":"2017-11-02T10:32:13","date_gmt":"2017-11-02T09:32:13","guid":{"rendered":"https:\/\/www.esteri.it\/sala_stampa\/archivionotizie\/comunicati\/2017\/11\/discorso-dell-on-ministro-alla_14\/"},"modified":"2017-11-02T10:32:13","modified_gmt":"2017-11-02T09:32:13","slug":"discorso-dell-on-ministro-alla_14","status":"publish","type":"post","link":"https:\/\/www.esteri.it\/it\/sala_stampa\/archivionotizie\/interventi\/2017\/11\/discorso-dell-on-ministro-alla_14\/","title":{"rendered":"Discorso dell\u2019On. Ministro alla III Conferenza Internazionale sul Diritto Internazionale Umanitario"},"content":{"rendered":"<p>Roma, 27 ottobre 2017<\/p>\n<p><em>(Fa fede solo il testo effettivamente pronunciato)<\/em><\/p>\n<p>Ministro Pinotti,<\/p>\n<p>Ministro Minniti,<\/p>\n<p>Generale Graziano,<\/p>\n<p>Generale Del Sette,<\/p>\n<p>Commissario Stylianides<i>,<\/i><\/p>\n<p>Rivolgo un caloroso saluto a tutti i partecipanti e un forte \u00a0ringraziamento all\u2019Arma dei Carabinieri per aver organizzato questa Conferenza Internazionale sul Diritto Umanitario, che alla sua terza edizione si incammina ormai verso la tradizione.<\/p>\n<p>Non \u00e8 per caso che questo evento si celebri nella \u201ccasa dei Carabinieri\u201d. Rispetto, umanit\u00e0, solidariet\u00e0 e vicinanza alle popolazioni civili sono i principi chiave che ispirano le missioni all\u2019estero dei nostri Carabinieri. Un approccio che coniuga grandi capacit\u00e0 tecniche con le sensibilit\u00e0 culturali locali. E competenze che spaziano dalle operazioni di pace e di sicurezza, alla difesa del patrimonio culturale, alla tutela dell\u2019ambiente.<\/p>\n<p>Ma quello che mi rende pi\u00f9 orgoglioso, da italiano, e da Ministro degli Esteri, \u00e8 la capacit\u00e0 dei Carabinieri e dei diplomatici di \u201cgiocare in squadra\u201d in tanti contesti di crisi: dall\u2019Iraq al Libano, dal Corno d\u2019Africa al Cipro, dall\u2019Afghanistan al Kosovo, alla Libia. \u00a0<\/p>\n<p>Quando Carabinieri e diplomatici lavorano insieme all\u2019estero promuovono il \u201cmodello italiano\u201d, riconosciuto da tutti i nostri partner per un \u201capproccio unico\u201d, \u201cnon-egemonico\u201d e \u201cnon-paternalistico\u201d a favore della pace, perch\u00e9 rispettoso della cultura e delle sensibilit\u00e0 delle popolazioni, per comprenderne a fondo le esigenze.<\/p>\n<p>Questo \u00e8 quello che contraddistingue tutte le nostre missioni umanitarie. E nasce dalla consapevolezza che gli aiuti umanitari non sono soltanto un aiuto nell\u2019emergenza, ma un ponte di dialogo e di speranza fra l\u2019Italia e il Paese aiutato. Un investimento sicuro nell\u2019amicizia e nella pace fra popoli.\u00a0<\/p>\n<p>Approfitto della presenza del Commissario europeo Stylianides per sottolineare l\u2019importante ruolo guida svolto dalla Commissione, sia dal punto di vista del coordinamento delle operazioni di soccorso, sia da quello della diffusione di informazioni tempestive sulle esigenze provenienti dal terreno.<\/p>\n<p>Lavoriamo fianco a fianco con la Commissione europea per salvare vite umane e proteggere la dignit\u00e0 delle persone. E sosteniamo con convinzione la sua azione di sensibilizzazione sul rispetto del diritto umanitario in tutto il mondo.\u00a0 In questo sforzo operano anche altri importanti attori non-governativi, che sono qui con noi oggi, come: l\u2019Istituto Internazionale di Diritto Umanitario di Sanremo e la Comunit\u00e0 di Sant\u2019Egidio.<\/p>\n<p>Il rispetto del diritto umanitario, nel mondo che ci circonda, \u00e8 condizione essenziale per la stabilit\u00e0 e per la pace. Stabilit\u00e0 e pace alle nostre frontiere sono elementi imprescindibili per garantire la nostra stessa sicurezza e crescita.<\/p>\n<p>La difesa del diritto umanitario \u00e8 oltretutto un obbligo morale. \u00a0In qualsiasi angolo del mondo in cui si verificano catastrofi o vengono commesse atrocit\u00e0 &#8211; da altri Stati o da attori non-Statali &#8211; abbiamo una responsabilit\u00e0 di agire per tutelare le persone pi\u00f9 vulnerabili e fragili: donne, bambini, persone con disabilit\u00e0, coloro che fuggono da guerre e persecuzioni. E siamo al fianco delle minoranze quando il loro diritto all\u2019esistenza viene messo in pericolo, come la comunit\u00e0 yazida in Iraq o quella Rohingya in Myanmar.<\/p>\n<p>Umanit\u00e0, neutralit\u00e0, imparzialit\u00e0 e indipendenza, sono i principi che ispirano l\u2019azione umanitaria italiana per difendere il pi\u00f9 genuino \u201cSpirito di Solferino\u201d. Quello spirito di fratellanza e di salvaguardia della vita altrui che ci ha insegnato una grande organizzazione internazionale: la Croce Rossa, partner di tante nostre iniziative umanitarie.<\/p>\n<p>Vorrei ricordare che negli ultimi cinque anni l\u2019Italia ha pi\u00f9 che raddoppiato le risorse dedicate agli interventi umanitari. Nel 2017, il budget umanitario \u00e8 stato di oltre 120 milioni di euro. Quasi la met\u00e0 delle iniziative sono attuate da organizzazioni non governative (ONG). \u00a0Le ONG sono il nostro pi\u00f9 grande \u201ccapitale umano\u201d: migliaia di ragazze e ragazzi, missionari laici e religiosi, professionisti e volontari, che si mettono a disposizione di chi ha bisogno.<\/p>\n<p>Siamo impegnati in Siria, in Iraq, nei Paesi afflitti dalle carestie (Yemen, Somalia, Sud Sudan, nord della Nigeria), ma anche e soprattutto nei Paesi di origine e di transito dei rifugiati e dei migranti.<\/p>\n<p>L\u2019approccio umanitario ha sempre ispirato la nostra azione in risposta alla crisi migratoria, dove il lavoro congiunto di attori statali e ONG ha permesso all&#8217;Italia di coniugare solidariet\u00e0 e sicurezza. Abbiamo dimostrato che \u00e8 possibile salvare vite e che nello stesso tempo si pu\u00f2 essere severi nei confronti di chi disprezza i nostri valori. Un risultato che ci \u00e8 stato unanimemente riconosciuto dai nostri partner alla Riunione ministeriale dell&#8217;OSCE, che ho presieduto pochi giorni fa a Palermo, per rafforzare il partenariato con i Paesi del Mediterraneo.<\/p>\n<p>Ora che vediamo gli effetti della nostra strategia; ora che i flussi migratori stanno diminuendo; non possiamo perdere di vista i diritti umani. Sui diritti umani non possiamo fare compromessi.<\/p>\n<p>E allora stiamo agendo, sia contro l\u2019orribile traffico di essere umani, sia a favore di rifugiati e migranti per migliorare le loro condizioni di vita. \u00a0Abbiamo gi\u00e0 destinato pi\u00f9 di 93 milioni di euro per questi obiettivi e per tutelare i loro diritti pi\u00f9 basilari in Libia e in Niger, in collaborazione con l\u2019Agenzia ONU dei Rifugiati (UNHCR), con l\u2019Organizzazione Internazionale per le Migrazioni (OIM), ed intervenendo anche sulle Trib\u00f9 libiche.<\/p>\n<p>Ieri, al Comitato Congiunto della Cooperazione Italiana, abbiamo approvato diverse nuove iniziative a favore dei minori. Ne cito solo alcune:<\/p>\n<p>-1 milione di euro a UNICEF per proteggere i diritti dei minori in Etiopia, dopo una simile iniziativa indirizzata ai minori in Sudan.<\/p>\n<p>-1 milione e mezzo di euro, sempre a UNICEF, per permettere ai giovani di frequentare la scuola dell\u2019obbligo in Giordania, che ospita una delle pi\u00f9 grandi comunit\u00e0 di rifugiati al mondo.<\/p>\n<p>Solo pochi giorni fa abbiamo approvato due nuove iniziative in Libia, del valore di 2 milioni di euro, per migliorare le condizioni di vita in diversi centri per migranti e rifugiati.<\/p>\n<p>E vorrei qui ricordare che attraverso la Cooperazione Italiana stiamo lanciando nuovi bandi per iniziative delle ONG, sempre al fine di rendere pi\u00f9 dignitose le condizioni dei rifugiati e dei migranti che si trovano Libia e in altri Paesi di transito.<\/p>\n<p>Il diritto umanitario non \u00e8 un diritto statico, ma \u00e8 in costante evoluzione. In Siria, Iraq, Afghanistan e Mali: oltre alla brutalit\u00e0 del terrorismo, dei crimini di guerra, della pulizia etnica e dei crimini contro l&#8217;umanit\u00e0, abbiamo anche visto un drammatico aumento della \u201cpulizia culturale\u201d. Una terribile distruzione della cultura.<\/p>\n<p>Gli atti di distruzione intenzionale del patrimonio culturale possono essere crimini di guerra e crimini contro l&#8217;umanit\u00e0. Perch\u00e9 gli atti di distruzione del patrimonio culturale sono un ostacolo enorme alla pace. Ostacolano il dialogo e la riconciliazione, fomentando l&#8217;odio tra le comunit\u00e0 e tra le generazioni.<\/p>\n<p>In questo campo la diplomazia italiana \u00e8 stata innovatrice. Abbiamo portato il tema della cultura nel Consiglio di Sicurezza: promuovendo la Risoluzione 2347, la prima risoluzione del Consiglio sulla protezione del patrimonio culturale nelle aree di conflitto.<\/p>\n<p>E\u2019 uno sforzo che l\u2019Italia conduce gi\u00e0 da tempo con il prezioso contributo dei Carabinieri, soprattutto nell\u2019ambito dell\u2019UNESCO e della sua campagna Unite4Heritage. Abbiamo messo a disposizione dell\u2019UNESCO una task force per fronteggiare le minacce al patrimonio culturale.<\/p>\n<p>L\u2019Italia si \u00e8 poi fatta promotrice di molte iniziative per il contrasto al traffico illecito di beni culturali che costituiscono una fonte di finanziamento per le organizzazioni terroristiche, specialmente nel quadro della Coalizione globale anti-Daesh.<\/p>\n<p>La nostra sfida comune, come diplomatici e carabinieri, \u00e8 mettere la cultura al servizio della pace e della sicurezza. Perch\u00e9 dove passa la cultura non passano gli eserciti. E perch\u00e9 la cultura sconfigge fanatismi ed estremismi che alimentano il terrorismo.<\/p>\n<p>Il diritto \u00e8 cultura nella sua forma pi\u00f9 pura. E difendendo il diritto, difendiamo anche la \u201ccultura dell\u2019impunit\u00e0\u201d, rispetto a chi viola i diritti fondamentali della persona. In questa sfida abbiamo un altro cruciale alleato: la Corte Penale Internazionale, il cui Statuto \u00e8 stato approvato qui a Roma e di cui rimaniamo il quinto contributore al bilancio.<\/p>\n<p>Oggi, dobbiamo continuare a promuovere il lavoro della Corte con determinazione. Perch\u00e9 l&#8217;osservanza della legge \u00e8 l&#8217;antidoto alla tirannia e la massima tutela dei nostri diritti umani e libert\u00e0.<\/p>\n<p>Ma non dimentichiamoci che la responsabilit\u00e0 di salvaguardare i diritti umani non \u00e8 solo con i Governi. E\u2019 anche e soprattutto compito delle ONG e di ogni singolo individuo segnalare le violazioni, con fermezza e coraggio, rifiutando di lasciare che la paura prenda il sopravvento.<\/p>\n<p>E, soprattutto, dobbiamo mantenere un&#8217;importante promessa. Una promessa che riassume il nostro patrimonio umanistico e lo spirito dei nostri tempi: dire \u201cmai pi\u00f9\u201d a gravi violazioni dei diritti umani.<\/p>\n","protected":false},"excerpt":{"rendered":"Roma, 27 ottobre 2017 (Fa fede solo il testo effettivamente pronunciato) Ministro Pinotti, Ministro Minniti, Generale Graziano, Generale Del Sette, Commissario Stylianides, Rivolgo un caloroso saluto a tutti i partecipanti e un forte \u00a0ringraziamento all\u2019Arma dei Carabinieri per aver organizzato questa Conferenza Internazionale sul Diritto Umanitario, che alla sua terza edizione si incammina ormai verso [&hellip;]","protected":false},"author":1,"featured_media":0,"comment_status":"","ping_status":"","sticky":false,"template":"","format":"standard","meta":{"footnotes":""},"categories":[22],"tags":[76],"class_list":["post-22095","post","type-post","status-publish","format-standard","hentry","category-interventi","tag-ministri-precedenti"],"_links":{"self":[{"href":"https:\/\/www.esteri.it\/it\/wp-json\/wp\/v2\/posts\/22095","targetHints":{"allow":["GET"]}}],"collection":[{"href":"https:\/\/www.esteri.it\/it\/wp-json\/wp\/v2\/posts"}],"about":[{"href":"https:\/\/www.esteri.it\/it\/wp-json\/wp\/v2\/types\/post"}],"author":[{"embeddable":true,"href":"https:\/\/www.esteri.it\/it\/wp-json\/wp\/v2\/users\/1"}],"replies":[{"embeddable":true,"href":"https:\/\/www.esteri.it\/it\/wp-json\/wp\/v2\/comments?post=22095"}],"version-history":[{"count":0,"href":"https:\/\/www.esteri.it\/it\/wp-json\/wp\/v2\/posts\/22095\/revisions"}],"wp:attachment":[{"href":"https:\/\/www.esteri.it\/it\/wp-json\/wp\/v2\/media?parent=22095"}],"wp:term":[{"taxonomy":"category","embeddable":true,"href":"https:\/\/www.esteri.it\/it\/wp-json\/wp\/v2\/categories?post=22095"},{"taxonomy":"post_tag","embeddable":true,"href":"https:\/\/www.esteri.it\/it\/wp-json\/wp\/v2\/tags?post=22095"}],"curies":[{"name":"wp","href":"https:\/\/api.w.org\/{rel}","templated":true}]}}