{"id":22097,"date":"2017-10-29T11:47:07","date_gmt":"2017-10-29T10:47:07","guid":{"rendered":"https:\/\/www.esteri.it\/sala_stampa\/archivionotizie\/comunicati\/2017\/10\/intervento-del-ministro-degli-affari\/"},"modified":"2017-10-29T11:47:07","modified_gmt":"2017-10-29T10:47:07","slug":"intervento-del-ministro-degli-affari","status":"publish","type":"post","link":"https:\/\/www.esteri.it\/it\/sala_stampa\/archivionotizie\/interventi\/2017\/10\/intervento-del-ministro-degli-affari\/","title":{"rendered":"Intervento del Ministro degli Affari Esteri e della Cooperazione Internazionale, Angelino Alfano, all\u2019Udienza con il Santo Padre"},"content":{"rendered":"<p>Citt\u00e0 del Vaticano, 28 ottobre 2017<\/p>\n<p><em>(Fa fede solo il testo effettivamente pronunciato)<\/em><\/p>\n<p>Santit\u00e0, \u00e8 un grande onore per me e per tutto il Ministero degli Affari Esteri e della Cooperazione Internazionale essere stati invitati a questa udienza, a coronamento della III Conferenza internazionale sul diritto umanitario.<\/p>\n<p>Santit\u00e0, durante il Giubileo dei giovani, Lei disse che una vita senza Ges\u00f9 \u00e8 come se non ci fosse campo al telefonino.<i> <\/i>Mi hanno molto colpito quelle alte ed efficaci parole. Ci ho riflettuto a lungo. E, da Ministro degli Esteri, sono arrivato alla conclusione che, in un mondo interconnesso, il nostro <i>portale<\/i> politico e morale debba essere la tutela di quei valori umanitari, senza i quali resteremmo <i>off-line<\/i>, disconnessi da quel fondamentale senso di umanit\u00e0 che invece distingue tradizionalmente il buon governo dal regime disumano, il buon diplomatico dal funzionario cinico e servile.\u00a0<\/p>\n<p>Questi valori universali, che non si possono scaricare da <i>internet<\/i>, sono riflessi e tradotti nel diritto umanitario. Quest\u2019ultimo\u00a0\u00e8 tuttavia per noi molto pi\u00f9 di una mera raccolta di norme: \u00e8\u00a0una delle pietre fondanti della stabilit\u00e0 e della pace. E le organizzazioni umanitarie, sia religiose che laiche, sono imprescindibili alleati dei governi per fare applicare con neutralit\u00e0, immediatezza e imparzialit\u00e0 questi principi universali.\u00a0<\/p>\n<p>Mi fa piacere ricordare che negli ultimi cinque anni l\u2019Italia ha pi\u00f9 che raddoppiato le risorse dedicate agli interventi umanitari e che quasi la met\u00e0 delle nostre iniziative sono attuate da organizzazioni non governative (ONG): il nostro pi\u00f9 grande \u201ccapitale umano\u201d costituito da ragazze e ragazzi, missionari laici e religiosi, professionisti e volontari.<\/p>\n<p>Basti pensare alla crisi migratoria, dove l\u2019azione congiunta di attori statali e organizzazioni non governative (ONG) ha permesso all\u2019Italia di coniugare solidariet\u00e0 e sicurezza. E questa sinergia tra diplomazia e organizzazioni non governative per la tutela della vita umana ispira anche la nostra volont\u00e0 di rendere pi\u00f9 umane e dignitose le condizioni di migranti e rifugiati in Libia.\u00a0\u00a0<\/p>\n<p>Santit\u00e0, con grande sintonia di vedute con quella vaticana, la diplomazia italiana ha negli ultimi tempi intensificato il proprio impegno umanitario in aree di crisi. I conflitti civili e le gravi carestie che continuano ad affliggere tanti Paesi ci devono spingere a fare ancora di pi\u00f9 per mettere la persona umana sofferente e vulnerabile al centro della nostra agenda internazionale. In questa azione, Santit\u00e0, le sue alte parole continueranno ad essere per noi fonte di ispirazione e forte incoraggiamento.<\/p>\n<p>\u00a0<\/p>\n","protected":false},"excerpt":{"rendered":"Citt\u00e0 del Vaticano, 28 ottobre 2017 (Fa fede solo il testo effettivamente pronunciato) Santit\u00e0, \u00e8 un grande onore per me e per tutto il Ministero degli Affari Esteri e della Cooperazione Internazionale essere stati invitati a questa udienza, a coronamento della III Conferenza internazionale sul diritto umanitario. Santit\u00e0, durante il Giubileo dei giovani, Lei disse [&hellip;]","protected":false},"author":1,"featured_media":0,"comment_status":"","ping_status":"","sticky":false,"template":"","format":"standard","meta":{"footnotes":""},"categories":[22],"tags":[76],"class_list":["post-22097","post","type-post","status-publish","format-standard","hentry","category-interventi","tag-ministri-precedenti"],"_links":{"self":[{"href":"https:\/\/www.esteri.it\/it\/wp-json\/wp\/v2\/posts\/22097","targetHints":{"allow":["GET"]}}],"collection":[{"href":"https:\/\/www.esteri.it\/it\/wp-json\/wp\/v2\/posts"}],"about":[{"href":"https:\/\/www.esteri.it\/it\/wp-json\/wp\/v2\/types\/post"}],"author":[{"embeddable":true,"href":"https:\/\/www.esteri.it\/it\/wp-json\/wp\/v2\/users\/1"}],"replies":[{"embeddable":true,"href":"https:\/\/www.esteri.it\/it\/wp-json\/wp\/v2\/comments?post=22097"}],"version-history":[{"count":0,"href":"https:\/\/www.esteri.it\/it\/wp-json\/wp\/v2\/posts\/22097\/revisions"}],"wp:attachment":[{"href":"https:\/\/www.esteri.it\/it\/wp-json\/wp\/v2\/media?parent=22097"}],"wp:term":[{"taxonomy":"category","embeddable":true,"href":"https:\/\/www.esteri.it\/it\/wp-json\/wp\/v2\/categories?post=22097"},{"taxonomy":"post_tag","embeddable":true,"href":"https:\/\/www.esteri.it\/it\/wp-json\/wp\/v2\/tags?post=22097"}],"curies":[{"name":"wp","href":"https:\/\/api.w.org\/{rel}","templated":true}]}}