{"id":22133,"date":"2017-10-06T10:23:48","date_gmt":"2017-10-06T08:23:48","guid":{"rendered":"https:\/\/www.esteri.it\/sala_stampa\/archivionotizie\/comunicati\/2017\/10\/discorso-dell-on-ministro-in-occasione_4\/"},"modified":"2017-10-06T10:23:48","modified_gmt":"2017-10-06T08:23:48","slug":"discorso-dell-on-ministro-in-occasione_4","status":"publish","type":"post","link":"https:\/\/www.esteri.it\/it\/sala_stampa\/archivionotizie\/interventi\/2017\/10\/discorso-dell-on-ministro-in-occasione_4\/","title":{"rendered":"Discorso dell\u2019On. Ministro in occasione dell\u2019inaugurazione della nuova sede dell\u2019azienda ALA &#8211; Advanced Logistics for Aerospace &#8211; Napoli, 3 ottobre 2017"},"content":{"rendered":"<p><em>Fa fede solo il testo effettivamente pronunciato<\/em><\/p>\n<p>\u00a0<\/p>\n<p>Dott. Fulvio Scannapieco <i>,<\/i><\/p>\n<p>Ministro Giuliano Poletti,<\/p>\n<p>Dott. Ambrogio Prezioso<i>,<\/i><i><\/i><\/p>\n<p>Dott. Roberto Scaramella,<i><\/i><\/p>\n<p>Vi ringrazio per avermi invitato a partecipare all\u2019inaugurazione della nuova Sede di questa bellissima realt\u00e0 imprenditoriale del nostro Paese. E\u2019 motivo in pi\u00f9 di orgoglio il fatto che questa realt\u00e0 si \u00e8 sviluppata in una splendida Regione del Sud d\u2019Italia.<\/p>\n<p>ALA \u00e8 la storia di successo di un\u2019impresa profondamente legata al territorio, ma proiettata verso l\u2019Europa e il mondo. Con la sua attivit\u00e0,\u00a0 ALA contribuisce a posizionare l\u2019Italia fra i Paesi leader, a livello mondiale, nelle attivit\u00e0 aerospaziali.<\/p>\n<p>La nostra tradizione in questo settore risale ad oltre 50 anni fa. Era il 15 dicembre 1967 quando lanciammo in orbita San Marco 1, primo satellite italiano e primo satellite costruito in Europa. E quel lancio fece dell\u2019Italia la terza nazione al mondo a disporre di un proprio satellite in orbita, dopo le due superpotenze spaziali dell\u2019epoca: Stati Uniti e Unione Sovietica.<\/p>\n<p>Oggi siamo membri fondatori e terzi contributori all\u2019Agenzia Spaziale Europea. Siamo paese leader nelle due missioni ExoMars per l\u2019esplorazione di Marte <i>(quella del 2016 e quella che partir\u00e0 nel 2020)<\/i>.<\/p>\n<p>Inoltre, circa il 50% del volume pressurizzato della Stazione Spaziale Internazionale \u00e8 stato costruito dall\u2019industria italiana in stabilimenti sul territorio nazionale.<\/p>\n<p>Siamo poi molto attivi nel settore delle infrastrutture di lancio (lanciatori europei Ariane e VEGA). Ed esprimiamo eccellenze anche nel campo dell\u2019osservazione della terra (programma Cosmo-SkyMed) e della navigazione satellitare (sistemi europeo EGNOS e Galileo).<\/p>\n<p>Anche al recente Vertice bilaterale con la Francia &#8211; al quale ho partecipato la scorsa settimana &#8211; l\u2019aerospazio ha avuto un ruolo da protagonista, con la firma di due importanti accordi di collaborazione tra aziende italiane e francesi.\u00a0 E\u2019 importante consolidare le nostre partnership in Europa, ma \u00e8 altrettanto cruciale guardare a mercati geograficamente pi\u00f9 lontani, che offrono immensi spazi di crescita.<\/p>\n<p>In quest\u2019ottica, ALA \u00e8 un ottimo esempio. Ha consolidato la sua posizione in Nord Europa e negli Stati Uniti, anche grazie alla recente acquisizione della franco-britannica STAG, e alle nuove partnership commerciali con Cina e India.<\/p>\n<p>L\u2019apertura verso i mercati esteri si \u00e8 dimostrata una scelta vincente per ALA. E non solo per ALA. Tantissime imprese italiane che hanno puntato sull\u2019internazionalizzazione per superare la crisi possono oggi raccontare storie di successo. \u00a0<\/p>\n<p>Anche i dati lo confermano: complessivamente dal 2008 al 2016 le esportazioni italiane sono cresciute del 13% e hanno raggiunto un peso di quasi il 30% del PIL.\u00a0 Si tratta di oltre 417 miliardi di Euro, con un surplus commerciale di oltre 51,5 miliardi di Euro.<\/p>\n<p>Nel primo semestre del 2017 l\u2019export nazionale ha proseguito la sua corsa al rialzo, facendo registrare un ulteriore incremento del 7,9% rispetto allo stesso periodo del 2016 e superando la quota di 223 miliardi di euro.<\/p>\n<p>In questi anni di crisi, l\u2019export italiano ha avuto un boom. Sostenute dalla diplomazia italiana, le esportazioni hanno trainato la crescita del Paese, che oggi si espande anche al mercato interno.<\/p>\n<p>Per queste ragioni, fin dal mio primo giorno di mandato alla Farnesina, ho fatto della diplomazia economica una priorit\u00e0 strategica. Ma anche perch\u00e9 la domanda di servizi da parte delle imprese per internazionalizzarsi \u00e8 crescente. E la politica estera deve essere uno strumento a loro sostegno per accompagnare la crescita economica.<\/p>\n<p>E i risultati si vedono . . .<\/p>\n<p>Non solo aumenta il numero di imprese che si rivolgono, con pi\u00f9 frequenza, ai nostri uffici in Italia e alla rete diplomatico-consolare all\u2019estero.<\/p>\n<p>Ma siamo anche indicati a modello: il Presidente Macron ha citato proprio l\u2019Italia (e la Germania) come esempio di efficace azione diplomatica a sostegno dell\u2019internazionalizzazione delle imprese e dell\u2019aumento delle esportazioni.<\/p>\n<p>Un contributo &#8211; quello della diplomazia economica &#8211; che quest\u2019anno assieme a Confindustria abbiamo anche misurato: \u00a0grazie ad uno studio indipendente di Prometeia, oggi sappiamo che il contributo della Farnesina alla crescita \u00e8 superiore all\u20191% del PIL.<\/p>\n<p>Lo studio ha poi confermato che la Farnesina e la sua rete di oltre 200 Ambasciate e Consolati in 126 Paesi assistono soprattutto le piccole e medie imprese: sono infatti al 61% le PMI che hanno firmato un contratto o vinto una gara grazie al nostro sostegno.<\/p>\n<p>Ma si pu\u00f2 e si deve fare di pi\u00f9. Alcuni guardano agli scenari geopolitici e all\u2019imprevedibilit\u00e0 che li caratterizza come una minaccia. Invece bisogna coglierne tutte le opportunit\u00e0!<\/p>\n<p>Le opportunit\u00e0 per le imprese &#8211; nel mondo &#8211; sono enormi e siamo pienamente consapevoli della necessit\u00e0 di sostenere con sempre maggiore efficacia la presenza delle nostre aziende sui mercati esteri.<\/p>\n<p>Il prossimo 17 ottobre presieder\u00f2, assieme ai colleghi del Ministero dello Sviluppo Economico, la Cabina di Regia per l\u2019internazionalizzazione con l\u2019obiettivo di definire l\u2019indirizzo strategico dell\u2019azione promozionale per il 2018.<\/p>\n<p>Inoltre, ho voluto in questi mesi reiterare un messaggio: le porte delle nostre Ambasciate e dei nostri Consolati sono aperte alle imprese. Per l\u2019attrazione degli investimenti; per la realizzazione di investimenti; per la penetrazione ed espansione dell\u2019export; per la conquista di nuovi mercati; per la partecipazione a gare; e poi anche in caso di contenziosi, ostacoli normativi e amministrativi.<\/p>\n<p>La condivisione di informazioni di qualit\u00e0 ed il sostegno istituzionale sono i capisaldi della nostra azione. Perch\u00e9 le nostre Ambasciate e Consolati sono interlocutori privilegiati delle istituzioni locali e degli ambienti politici, economici e della societ\u00e0 civile dove operano. E perch\u00e9 nelle nostre Ambasciate e Consolati si formula una visione complessiva degli interessi italiani.\u00a0<\/p>\n<p>In altre parole: le Ambasciate e i Consolati italiani sono la vostra \u201ccasa\u201d. Visitateli! Utilizzateli!<\/p>\n<p>Per poter far arrivare questo messaggio a quanti pi\u00f9 imprenditori possibile, ho ideato, dall\u2019inizio di quest\u2019anno, l\u2019iniziativa \u201cLa Farnesina incontra le imprese\u201d.<\/p>\n<p>Ho visitato tantissime, straordinarie realt\u00e0 imprenditoriali dal Nord al Sud della nostra magnifica penisola. Nel maggio scorso ero qui a Napoli, presso la Camera di Commercio. Scegliemmo Napoli perch\u00e9 l\u2019economia della Campania \u00e8 un\u2019economia che ha una forte propensione all\u2019export, e che ha contribuito non poco alla ripartenza del Paese dopo la crisi.<\/p>\n<p>La Campania \u00e8 nella \u201ctop ten\u201d delle regioni esportatrici in Italia, al nono posto con 9,9 miliardi nel 2016 (2,4% dell\u2019export nazionale).<i><\/i><\/p>\n<p>Oggi la Campania irradia all\u2019estero l\u2019immagine di una regione dinamica, che coniuga creativit\u00e0 e originalit\u00e0 imprenditoriale, rispetto della tradizione, innovazione tecnologica e quindi altissima qualit\u00e0 del prodotto.<\/p>\n<p>Questa combinazione \u00e8 la forza del <i>Made in Italy<\/i> che oggi, inaugurando la nuova sede di ALA, tocchiamo con mano una delle sue massimi espressioni. E come italiani ne siamo molto fieri.<\/p>\n<p>Rivolgo quindi a tutti un forte augurio per un futuro ricco di successi!<\/p>\n","protected":false},"excerpt":{"rendered":"Fa fede solo il testo effettivamente pronunciato \u00a0 Dott. Fulvio Scannapieco , Ministro Giuliano Poletti, Dott. Ambrogio Prezioso, Dott. Roberto Scaramella, Vi ringrazio per avermi invitato a partecipare all\u2019inaugurazione della nuova Sede di questa bellissima realt\u00e0 imprenditoriale del nostro Paese. E\u2019 motivo in pi\u00f9 di orgoglio il fatto che questa realt\u00e0 si \u00e8 sviluppata in [&hellip;]","protected":false},"author":1,"featured_media":0,"comment_status":"","ping_status":"","sticky":false,"template":"","format":"standard","meta":{"footnotes":""},"categories":[22],"tags":[76],"class_list":["post-22133","post","type-post","status-publish","format-standard","hentry","category-interventi","tag-ministri-precedenti"],"_links":{"self":[{"href":"https:\/\/www.esteri.it\/it\/wp-json\/wp\/v2\/posts\/22133","targetHints":{"allow":["GET"]}}],"collection":[{"href":"https:\/\/www.esteri.it\/it\/wp-json\/wp\/v2\/posts"}],"about":[{"href":"https:\/\/www.esteri.it\/it\/wp-json\/wp\/v2\/types\/post"}],"author":[{"embeddable":true,"href":"https:\/\/www.esteri.it\/it\/wp-json\/wp\/v2\/users\/1"}],"replies":[{"embeddable":true,"href":"https:\/\/www.esteri.it\/it\/wp-json\/wp\/v2\/comments?post=22133"}],"version-history":[{"count":0,"href":"https:\/\/www.esteri.it\/it\/wp-json\/wp\/v2\/posts\/22133\/revisions"}],"wp:attachment":[{"href":"https:\/\/www.esteri.it\/it\/wp-json\/wp\/v2\/media?parent=22133"}],"wp:term":[{"taxonomy":"category","embeddable":true,"href":"https:\/\/www.esteri.it\/it\/wp-json\/wp\/v2\/categories?post=22133"},{"taxonomy":"post_tag","embeddable":true,"href":"https:\/\/www.esteri.it\/it\/wp-json\/wp\/v2\/tags?post=22133"}],"curies":[{"name":"wp","href":"https:\/\/api.w.org\/{rel}","templated":true}]}}