{"id":22135,"date":"2017-10-06T10:15:23","date_gmt":"2017-10-06T08:15:23","guid":{"rendered":"https:\/\/www.esteri.it\/sala_stampa\/archivionotizie\/comunicati\/2017\/10\/discorso-dell-on-ministro-all-evento_7\/"},"modified":"2017-10-06T10:15:23","modified_gmt":"2017-10-06T08:15:23","slug":"discorso-dell-on-ministro-all-evento_7","status":"publish","type":"post","link":"https:\/\/www.esteri.it\/it\/sala_stampa\/archivionotizie\/interventi\/2017\/10\/discorso-dell-on-ministro-all-evento_7\/","title":{"rendered":"Discorso dell\u2019On. Ministro all\u2019evento \u201cQualit\u00e0 del Sistema sanitario italiano &#8211; turismo e attrattivit\u00e0 dei territori\u201d"},"content":{"rendered":"<p><em>Fa fede solo il testo effettivamente pronunciato<\/em><\/p>\n<p>\u00a0<\/p>\n<p>Onorevole Giovanni Lolli<i>,<\/i><\/p>\n<p>Direttrice Mariadonata Bellentani<i>, <\/i><\/p>\n<p>Direttore Generale Francesco Palumbo<i>,<\/i><\/p>\n<p>Signori Ambasciatori, Cari Ospiti, Signore e Signori,<\/p>\n<p>All\u2019inizio di quest\u2019anno, l\u2019Indice Bloomberg della Salute ci ha consacrati il Paese pi\u00f9 sano al mondo.<\/p>\n<p>Non \u00e8 una sorpresa: anche le statistiche dell\u2019Organizzazione Mondiale della Sanit\u00e0 (OMS) ci collocano da anni in posizioni di vetta in termini di longevit\u00e0 degli italiani e qualit\u00e0 del nostro sistema sanitario.<\/p>\n<p>La stessa OMS ci dice, attraverso le sue analisi, che la salute non \u00e8 pi\u00f9 soltanto la cura o l\u2019assenza di malattia, ma \u00e8 la pienezza del vivere, dal punto di vista fisico, psicologico e sociale.<\/p>\n<p>Ecco, noi italiani questo concetto ce l\u2019abbiamo nel DNA. E possiamo dire di essere molto consapevoli delle diverse sfaccettature dello \u201cstare bene\u201d, che dipende dall\u2019ambiente, dalla cultura e dalla bellezza che ci circondano; dal cibo che coltiviamo per i nostri alimenti; dalla dieta mediterranea che consumiamo &#8211; riconosciuta patrimonio culturale immateriale dell&#8217;umanit\u00e0 dall\u2019UNESCO &#8211;<i> <\/i>e senza dubbio dall\u2019accesso e dalla qualit\u00e0 dei servizi sanitari a nostra disposizione rispetto a tanti altri Paesi. \u00a0\u00a0\u00a0<\/p>\n<p>Secondo il <i>Medical Tourism Index<\/i> \u2013 ed \u00e8 questo il dato su cui vorrei riflette con voi oggi \u2013 l\u2019Italia \u00a0\u00e8 al 4\u00b0 posto in Europa <i>(dopo Regno Unito, Germania e Francia)<\/i> e al 9\u00b0 posto al mondo come meta del \u201cturismo sanitario\u201d.<\/p>\n<p>Le opportunit\u00e0 sono notevoli. Il mercato globale del \u201cturismo sanitario\u201d \u00e8 in forte espansione: uno studio di Deloitte stima che il fatturato mondiale sia pari a 100 miliardi di dollari, con oltre 11 milioni di persone che ogni anno varcano le frontiere per curarsi.<\/p>\n<p>In Italia ci sono gi\u00e0 numerose strutture di qualit\u00e0 che attraggono pazienti internazionali, e molte altre si stanno attrezzando. \u00a0<\/p>\n<p>Progetti di rete &#8211; come <i>\u201cHealth in Italy\u201d, <\/i>rappresentata qui oggi &#8211; sono importanti perch\u00e9 ci aiutano a costruire un\u2019offerta strutturata e di grande livello qualitativo.<\/p>\n<p>Il nostro obiettivo \u00e8 di promuovere l\u2019Italia come destinazione di cure mediche di altissima qualit\u00e0, che si basano su <i>know-how<\/i>, protocolli e tecnologie di cui il nostro comparto sanitario ha una leadership.<\/p>\n<p>Il ruolo della Farnesina \u00e8 di aiutare tutti a \u201cfare sistema\u201d, a \u201cgiocare di squadra\u201d per presentare in maniera integrata la qualit\u00e0 e l\u2019efficacia del nostro sistema sanitario.<\/p>\n<p>L\u2019impegno della Farnesina \u00e8 gi\u00e0 molto concreto e riguarda innanzitutto la concessione di visti sanitari da parte della rete di Ambasciate e Consolati. Partiamo oggi da una base significativa, ma che senza dubbio pu\u00f2 migliorare ancora molto: quasi 6 mila visti concessi negli ultimi tre anni per finalit\u00e0 sanitarie.<\/p>\n<p>Oltre al dato numerico, ce n\u2019\u00e8 uno qualitativo: i visti per cure mediche godono di una corsia preferenziale e ci raccomandiamo sempre con le nostre Ambasciate e Consolati di assicurarne la pi\u00f9 rapida trattazione possibile. Non \u00e8 un caso che nessuno si \u00e8 mai lamentato dell\u2019attesa per ottenere un visto per cure mediche, anche in sedi che trattano centinai di migliaia di visti. Ovviamente, se avete proposte su come migliorare ulteriormente i servizi da noi offerti fatecele avere. Siamo aperti all\u2019ascolto di nuove idee.\u00a0<\/p>\n<p>La nostra non \u00e8 soltanto una politica dei visti. La Cooperazione sanitaria \u00e8 uno strumento qualificante della politica estera: pensate, ad esempio, ai feriti libici che abbiamo curato in Italia, sia dell\u2019Est che dell\u2019Ovest del Paese, contribuendo alla riconciliazione di un Paese per noi prioritario.<\/p>\n<p>Pensate anche alla Cooperazione allo Sviluppo italiana, che si articola in tantissime iniziative di cooperazione sanitaria bilaterale <i>(umanitaria e ordinaria)<\/i>, di sostegno al Fondo Globale per la lotta contro l\u2019AIDS, la tubercolosi e la malaria (Global Fund) e inoltre \u00a0all\u2019Alleanza Globale per le Vaccinazioni (GAVI).<\/p>\n<p>Complessivamente, attraverso la Cooperazione allo Sviluppo, l&#8217;Italia ha destinato negli ultimi tre anni <i>(2014-16)<\/i>, pi\u00f9 di 270 milioni di euro in progetti a favore della salute nel mondo.<\/p>\n<p>Il settore sanitario \u00e8 poi parte della diplomazia economica. Anche qui, pensate a tutti gli sforzi che abbiamo fatto come Farnesina, in squadra con tanti altri attori pubblici e privati, per sostenere la candidatura di Milano come sede dell\u2019Agenzia Europea del Farmaco (EMA).<\/p>\n<p>L\u2019<i>assessment<\/i> pubblicato da Bruxelles, il 30 settembre scorso, conferma la solidit\u00e0 della nostra candidatura e l\u2019elevatissima qualit\u00e0 dell\u2019offerta di Milano e della Regione Lombardia. Il riconoscimento della Commissione europea \u00e8 la prova che quando il Sistema Italia agisce unito ottiene i migliori riconoscimenti.\u00a0<\/p>\n<p>Anche oggi, con questa iniziativa, stiamo mettendo insieme i principali attori del Sistema Italia. Abbiamo con noi il Ministero della Salute, il Ministero dei Beni e delle Attivi Culturali e del Turismo, le Regioni, l\u2019Agenzia Nazionale del Turismo <i>(ENIT)<\/i> e tante prestigiose strutture sanitarie pubbliche e private.<\/p>\n<p>Se vogliamo avere successo, dobbiamo guardare a tutta la filiera del turismo sanitario: che parte da ospedali e cliniche private, e passa dai centri benessere, ai territori italiani, arrivando agli alberghi, alla cucina, alla cultura; contando anche sull\u2019apporto degli operatori turistici e sull\u2019attrattivit\u00e0 del <i>Made in Italy. <\/i><\/p>\n<p>Oggi \u00e8 il primo importante appuntamento di una rete di attori che si \u00e8 messa in moto per espandere e fare un salto di qualit\u00e0 all\u2019offerta turistico-sanitaria italiana. L\u2019avvio di una nuova ed importante iniziativa per la quale la Farnesina far\u00e0 la sua parte, con tutto il peso della nostra straordinaria rete di Ambasciata e di Consolati nel mondo.<\/p>\n","protected":false},"excerpt":{"rendered":"Fa fede solo il testo effettivamente pronunciato \u00a0 Onorevole Giovanni Lolli, Direttrice Mariadonata Bellentani, Direttore Generale Francesco Palumbo, Signori Ambasciatori, Cari Ospiti, Signore e Signori, All\u2019inizio di quest\u2019anno, l\u2019Indice Bloomberg della Salute ci ha consacrati il Paese pi\u00f9 sano al mondo. Non \u00e8 una sorpresa: anche le statistiche dell\u2019Organizzazione Mondiale della Sanit\u00e0 (OMS) ci collocano [&hellip;]","protected":false},"author":1,"featured_media":0,"comment_status":"","ping_status":"","sticky":false,"template":"","format":"standard","meta":{"footnotes":""},"categories":[22],"tags":[76],"class_list":["post-22135","post","type-post","status-publish","format-standard","hentry","category-interventi","tag-ministri-precedenti"],"_links":{"self":[{"href":"https:\/\/www.esteri.it\/it\/wp-json\/wp\/v2\/posts\/22135","targetHints":{"allow":["GET"]}}],"collection":[{"href":"https:\/\/www.esteri.it\/it\/wp-json\/wp\/v2\/posts"}],"about":[{"href":"https:\/\/www.esteri.it\/it\/wp-json\/wp\/v2\/types\/post"}],"author":[{"embeddable":true,"href":"https:\/\/www.esteri.it\/it\/wp-json\/wp\/v2\/users\/1"}],"replies":[{"embeddable":true,"href":"https:\/\/www.esteri.it\/it\/wp-json\/wp\/v2\/comments?post=22135"}],"version-history":[{"count":0,"href":"https:\/\/www.esteri.it\/it\/wp-json\/wp\/v2\/posts\/22135\/revisions"}],"wp:attachment":[{"href":"https:\/\/www.esteri.it\/it\/wp-json\/wp\/v2\/media?parent=22135"}],"wp:term":[{"taxonomy":"category","embeddable":true,"href":"https:\/\/www.esteri.it\/it\/wp-json\/wp\/v2\/categories?post=22135"},{"taxonomy":"post_tag","embeddable":true,"href":"https:\/\/www.esteri.it\/it\/wp-json\/wp\/v2\/tags?post=22135"}],"curies":[{"name":"wp","href":"https:\/\/api.w.org\/{rel}","templated":true}]}}