{"id":22160,"date":"2017-07-17T10:12:49","date_gmt":"2017-07-17T08:12:49","guid":{"rendered":"https:\/\/www.esteri.it\/sala_stampa\/archivionotizie\/comunicati\/2017\/07\/discorso-dell-on-ministro-al-ricevimento\/"},"modified":"2017-07-17T10:12:49","modified_gmt":"2017-07-17T08:12:49","slug":"discorso-dell-on-ministro-al-ricevimento","status":"publish","type":"post","link":"https:\/\/www.esteri.it\/it\/sala_stampa\/archivionotizie\/interventi\/2017\/07\/discorso-dell-on-ministro-al-ricevimento\/","title":{"rendered":"Discorso dell\u2019On. Ministro al Ricevimento di benvenuto del Vertice di Trieste sui Balcani Occidentali"},"content":{"rendered":"<p style=\"text-align: center;\"><em>(Fa fede solo il testo effettivamente pronunciato)<\/em><\/p>\n<p>\u00a0<\/p>\n<p>E\u2019 per me un onore dare il benvenuto ai colleghi Ministri degli Esteri, agli autorevoli membri delle loro delegazioni, agli onorevoli parlamentari; e a tutti i rappresentanti civili e religiosi qui con noi.<\/p>\n<p>Rivolgo un ringraziamento particolare al Presidente della Regione, Debora Serrachiani, al Sindaco, Roberto Dipiazza, e al Prefetto, Annapaola Porzio, che ci ospitano nella bellissima Trieste, conosciuta ovunque per la sua generosit\u00e0 e per il suo spirito di accoglienza.<\/p>\n<p>Mi fa molto piacere che ci siano i rappresentanti delle diverse confessioni religiose. E\u2019 la testimonianza dell\u2019inclinazione di Trieste al dialogo interreligioso e interculturale, citt\u00e0 ponte tra popoli che nelle loro diversit\u00e0 hanno trovato grandissima ricchezza.<\/p>\n<p>Quando lo scrittore irlandese James Joyce conobbe Trieste, agli inizi del 1900, scrisse una lettera alla sua compagna e futura moglie, Nora Barnacle, in cui diceva: <i>la mia anima \u00e8 a Trieste.<\/i><\/p>\n<p>Io credo che a Trieste ci sia anche l\u2019anima dell\u2019Europa, oltre a quella di Joyce! Sia per la sua collocazione geografica <i>\u201cal sud del nord, al nord del sud, all\u2019est dell\u2019ovest e all\u2019ovest dell\u2019est\u201d<\/i> come ha detto il giornalista italiano Beppe Severgnini, sia per lo \u201cspirito di Trieste\u201d: quello spirito improntato al superamento delle divisioni e alla riconciliazione, che unisce l\u2019Europa nel rispetto delle diversit\u00e0 e delle minoranze.<\/p>\n<p>Nello \u201cspirito di Trieste\u201d c\u2019\u00e8 un grandissimo \u201cno\u201d alle divisioni nazionalistiche ed etniche, a tutti i muri e confini che nella storia hanno cercato di separarci.<\/p>\n<p>Trieste non \u00e8 solo \u201cidealmente\u201d ma anche \u201cconcretamente\u201d il \u201cponte\u201d dei Balcani Occidentali verso l\u2019Unione Europea. Come scrisse il diplomatico e Premio Nobel jugoslavo Ivo Andri\u0107 nel suo capolavoro \u201cIl Ponte sulla Drina\u201d: <i>\u201cDi tutto ci\u00f2 che l&#8217;uomo erige e costruisce nulla \u00e8 pi\u00f9 prezioso dei ponti\u201d.<\/i><\/p>\n<p>E\u2019 ora di finire di costruire &#8211; qui a Trieste &#8211; il \u201cponte\u201d dei Balcani verso la <i>membership <\/i>dell\u2019UE. Non possiamo permetterci di disattendere le loro aspirazioni europee, specialmente dopo tanti anni di riforme e di sacrifici sulla via dell\u2019allargamento. Guai a stroncare il loro sogno europeo!<\/p>\n<p>Qui a Trieste vogliamo riconfermare inequivocabilmente la prospettiva europea dei Balcani Occidentali e dire a loro che la porta dell\u2019Europa non solo resta aperta, ma \u00e8 spalancata.<\/p>\n<p>Non dimentichiamo che nei popoli balcanici c\u2019\u00e8 ancora una forte voglia d\u2019Europa e che dal loro livello di ambizione possiamo trare tantissime energie e vitalit\u00e0 per il futuro della nostra cara Europa.<\/p>\n<p>Badate, c\u2019\u00e8 un collegamento molto stretto tra il Vertice di Roma del 25 marzo scorso &#8211; per il rilancio del progetto europeo in occasione del suo sessantesimo anniversario &#8211;\u00a0 e il Vertice di Trieste.<\/p>\n<p>Perch\u00e9 un\u2019Europa rinnovata e determinata a superare le sfide pu\u00f2 esprimere anche una maggiore capacit\u00e0 di accogliere i Balcani Occidentali.<\/p>\n<p>E perch\u00e9 un\u2019Europa ad integrazione differenziata &#8211; che ha trovato pieno \u201cdiritto di cittadinanza\u201d nella Dichiarazione di Roma &#8211; offre anch\u2019esso nuove opportunit\u00e0 per i Balcani Occidentali.<\/p>\n<p>Il Vertice di Trieste persegue una \u201cagenda del fare\u201d e sar\u00e0 denso di risultati di grande rilevanza, per i nostri amici dei Balcani, per l\u2019Europa, per l\u2019Italia e per la stessa Trieste. L\u2019Italia vuole essere l\u2019<i>hub<\/i> dei Balcani verso l\u2019Europa. Trieste e Gorizia i suoi snodi centrali. Crediamo nel grande grande investimento delle cooperazione inter-regionale, che abbiamo promosso con iniziative come l\u2019INCE e la IAI.<\/p>\n<p>Dare nuovo slancio nel percorso europeo dei Balcani occidentali significa essere molto concreti nelle azioni. Infatti, al Vertice di Trieste: lanceremo nuovi progetti infrastrutturali europei; daremo impulso all\u2019integrazione economica regionale <i>(ad esempio con la firma del Trattato per la Comunit\u00e0 dei Trasporti)<\/i>; favoriremo nuovi strumenti di sviluppo per le PMI; e nuove iniziative per la lotta alla corruzione.<\/p>\n<p>Sono iniziative che coinvolgono attivamente Trieste, che non si limitano a questi due giorni, ma che lasceranno segni tangibili di lungo periodo. Faccio due esempi: primo, la creazione a Trieste del Segretariato delle Camera di Commercio dei Balcani; secondo, la prospettiva di localizzare a Trieste la costituenda <i>Western Balkans Research Foundation<\/i>, a sostegno dei giovani ricercatori.<\/p>\n<p>Sono molto entusiasta della volont\u00e0 di rafforzare i programmi a favore dei giovani, nel trentennale della creazione di Erasmus. Io ho fiducia in un\u2019Europa capace di plasmare la sua identit\u00e0 investendo sulla grande risorsa dei nostri giovani, che mettono in circolo idee, interessi, progetti, speranze, sogni e visioni, nell\u2019enorme spazio aperto di pace, libert\u00e0 e giustizia che \u00e8 l\u2019Europa.<\/p>\n<p>Un forte ringraziamento va all\u2019Ufficio Regionale per la Cooperazione Giovanile (RYCO), che sta dimostrando di essere uno strumento validissimo per ideare nuove iniziative per i giovani.<\/p>\n<p>Cari amici, concludo con quella che per me \u00e8 una certezza: che possiamo rilanciare e migliorare l\u2019Europa con l\u2019energia e la vitalit\u00e0 dei Balcani Occidentali. Perch\u00e9 solo chi ama l\u2019Europa, come il popolo italiano e i popoli dei Balcani, pu\u00f2 davvero migliorarla.\u00a0<\/p>\n","protected":false},"excerpt":{"rendered":"(Fa fede solo il testo effettivamente pronunciato) \u00a0 E\u2019 per me un onore dare il benvenuto ai colleghi Ministri degli Esteri, agli autorevoli membri delle loro delegazioni, agli onorevoli parlamentari; e a tutti i rappresentanti civili e religiosi qui con noi. Rivolgo un ringraziamento particolare al Presidente della Regione, Debora Serrachiani, al Sindaco, Roberto Dipiazza, [&hellip;]","protected":false},"author":1,"featured_media":0,"comment_status":"","ping_status":"","sticky":false,"template":"","format":"standard","meta":{"footnotes":""},"categories":[22],"tags":[76],"class_list":["post-22160","post","type-post","status-publish","format-standard","hentry","category-interventi","tag-ministri-precedenti"],"_links":{"self":[{"href":"https:\/\/www.esteri.it\/it\/wp-json\/wp\/v2\/posts\/22160","targetHints":{"allow":["GET"]}}],"collection":[{"href":"https:\/\/www.esteri.it\/it\/wp-json\/wp\/v2\/posts"}],"about":[{"href":"https:\/\/www.esteri.it\/it\/wp-json\/wp\/v2\/types\/post"}],"author":[{"embeddable":true,"href":"https:\/\/www.esteri.it\/it\/wp-json\/wp\/v2\/users\/1"}],"replies":[{"embeddable":true,"href":"https:\/\/www.esteri.it\/it\/wp-json\/wp\/v2\/comments?post=22160"}],"version-history":[{"count":0,"href":"https:\/\/www.esteri.it\/it\/wp-json\/wp\/v2\/posts\/22160\/revisions"}],"wp:attachment":[{"href":"https:\/\/www.esteri.it\/it\/wp-json\/wp\/v2\/media?parent=22160"}],"wp:term":[{"taxonomy":"category","embeddable":true,"href":"https:\/\/www.esteri.it\/it\/wp-json\/wp\/v2\/categories?post=22160"},{"taxonomy":"post_tag","embeddable":true,"href":"https:\/\/www.esteri.it\/it\/wp-json\/wp\/v2\/tags?post=22160"}],"curies":[{"name":"wp","href":"https:\/\/api.w.org\/{rel}","templated":true}]}}