{"id":22162,"date":"2017-07-10T10:03:41","date_gmt":"2017-07-10T08:03:41","guid":{"rendered":"https:\/\/www.esteri.it\/sala_stampa\/archivionotizie\/comunicati\/2017\/07\/discorso-dell-on-ministro-all-evento_6\/"},"modified":"2017-07-10T10:03:41","modified_gmt":"2017-07-10T08:03:41","slug":"discorso-dell-on-ministro-all-evento_6","status":"publish","type":"post","link":"https:\/\/www.esteri.it\/it\/sala_stampa\/archivionotizie\/interventi\/2017\/07\/discorso-dell-on-ministro-all-evento_6\/","title":{"rendered":"Discorso dell\u2019On. Ministro all\u2019evento &#8220;Italy &#038; Netherlands Model United Nations (NIMUN)&#8221;"},"content":{"rendered":"<p><em>Palermo, 21 giugno 2017<\/em><strong><\/strong><\/p>\n<p><i>(fa fede solo il testo effettivamente pronunciato)<\/i><\/p>\n<p>Caro Bert,<\/p>\n<p>Professor Fabio Mazzola,<\/p>\n<p>Signore e signori,<\/p>\n<p>Buongiorno a tutti!<\/p>\n<p>Complimenti per l\u2019ottimo lavoro svolto in questi tre giorni.<\/p>\n<p>Immaginate di avere questaa stessa intensit\u00e0, questa stessa energia e questa stessa passione per due anni! \u00c8 questo l\u2019obiettivo che l\u2019Italia e i Paesi Bassi stanno realizzando &#8211; insieme \u2013 nel Consiglio di Sicurezza delle Nazioni Unite.\u00a0<\/p>\n<p>Lo scorso anno, dopo una campagna competitiva per conquistare un seggio nel Consiglio di Sicurezza, l\u2019Italia e i Paesi Bassi si sono trovati a disputare una \u201cpartita\u201d serrata. Avremmo potuto arrivare fino ai \u201ccalci di rigore\u201d! E invece abbiamo fatto la Storia!\u00a0<\/p>\n<p>Abbiamo deciso di \u201cdividere\u201d il mandato all\u2019interno del Consiglio: il 2017 \u00a0\u00e8 la volta dell\u2019Italia; il 2018 toccher\u00e0 ai Paesi Bassi. Per due anni, due Stati Membri fondatori dell\u2019Unione Europea lavoreranno fianco a fianco.\u00a0<\/p>\n<p>L\u2019Italia e i Paesi Bassi condividono la stessa fiducia nel multilateralismo.\u00a0<\/p>\n<p>Multilateralismo significa inclusione. Significa, ad esempio, coinvolgere le donne nei negoziati per il consolidamento della pace, ragion per cui, a Ottobre, inaugurer\u00f2 il Network Mediterraneo di Donne Mediatrici.<\/p>\n<p>Il multilateralismo \u00e8 un modo per condividere il nostro migliore retaggio con i partner. La Sicilia ha pagato un prezzo molto alto nella lotta alla mafia, ma siamo onorati di condividere la nostra esperienza in seno all&#8217; ONU. Proprio pochi giorni fa, a New York, l\u2019Assemblea Generale ha reso omaggio a un grande siciliano, Giovanni Falcone.\u00a0<\/p>\n<p>Giovanni Falcone credeva fermamente nella cooperazione internazionale contro la criminalit\u00e0 organizzata. \u00c8 stato il suo lavoro a guidare la comunit\u00e0 internazionale nel cammino verso la Convenzione di Palermo. Venticinque anni dopo il suo omicidio, il suo coraggio continua a ispirarci. Siamo orgogliosi di lui e di tutti gli eroi che hanno combattuto la mafia.\u00a0\u00a0<\/p>\n<p>Il multilateralismo \u00e8 anche un ottimo strumento per difendere le libert\u00e0 contro la tirannia della paura. Lo scrittore olandese Hendrik Matthe\u00fcs van Randwijk una volta ha detto:<i> un popolo che cede ai tiranni perder\u00e0 ben pi\u00f9 del proprio corpo e dei propri beni, perder\u00e0 la propria luce. <\/i>Oggi, in Europa, il pericolo \u00e8 rappresentato dalla tirannia del populismo, che diffonde paura e disinformazione. Per questo i nostri governi collaborano per preservare la luce dell\u2019Europa ed illuminare, con essa, il dibattito globale, rifiutando l\u2019oscura e \u00a0ingannevole retorica del populismo.<\/p>\n<p>Il multilateralismo \u00e8 il nostro migliore strumento per affrontare le principali sfide della nostra generazione, quali la crisi migratoria. A tale proposito, tra due settimane, presieder\u00f2 un convegno internazionale che si terr\u00e0 in Italia e che riguarder\u00e0 i Paesi di transito e di destinazione dei flussi migratori attraverso la rotta del Mediterraneo centrale. Desidero esprimere la mia gratitudine al Ministro Koenders per la sua partecipazione.\u00a0<\/p>\n<p>Consentitemi di parlare di ci\u00f2 che considero l\u2019aspetto pi\u00f9 importante della politica italiane in materia. In un contesto globale dove non esiste un &#8220;rischio zero&#8221;, stiamo realizzando un obiettivo straordinario: abbiamo salvato moltissime vite senza mai mettere a repentaglio la nostra sicurezza; e continuiamo a conciliare la sicurezza con la solidariet\u00e0. \u00a0<\/p>\n<p>L\u2019Italia e la Sicilia in particolare hanno salvaguardato l\u2019onore dell\u2019Europa salvando e prestando soccorso a un gran numero di rifugiati e di migranti, ma non possiamo pi\u00f9 essere lasciati da soli a fronteggiare l\u2019enorme pressione derivante dai flussi migratori. Si tratta di un problema comune. E anche le soluzioni devono esserlo.\u00a0\u00a0<\/p>\n<p>Italiani e olandesi si comprendono bene. Siamo entrambi circondati dall\u2019acqua: nutriamo un profondo rispetto per il mare e non abbiamo paura di affrontare le sue onde, nemmeno quando le sue condizioni si fanno burrascose. Un mare in tempesta non ci ha mai spinti a restare a riva<i>. <\/i>Siamo pronti a navigare nei mari internazionali: il nostro viaggio comune continua a trarre ispirazione dalla nostra fiducia nella libert\u00e0 e nel multilateralismo. I due grandi valori di cui si nutre l\u2019integrazione europea.\u00a0\u00a0<\/p>\n<p>Qui, a Palermo, desidero ricordare come la Sicilia abbia avuto un ruolo fondamentale nella costruzione della UE, il pi\u00f9 grande esperimento multilaterale che il mondo abbia mai conosciuto. Fu proprio a Messina che, nel \u00a0Giugno 1955, il Ministro degli Esteri Gaetano Martino, altro grande siciliano, invit\u00f2 i suoi colleghi europei \u2013 tra cui il Ministro degli Esteri olandese Johan Willem Beyen \u2013 a preparare il terreno per il Mercato Europeo Comune e il Trattato di Roma.\u00a0<\/p>\n<p>Gaetano Martino aveva una profonda fiducia nel multilateralismo. La sua visione ci guida ancora oggi: <i>costruire un\u2019Europa che non deluder\u00e0 le speranze della maggioranza delle persone libere che desiderano conservare la libert\u00e0 e moltiplicarne i frutti.\u00a0\u00a0 <\/i><\/p>\n<p>\u00c8 questo che ha riunito gli olandesi e gli italiani qui, a Messina. \u00c8 questo che ci spinge ad essere qui oggi. Ed \u00e8 per questo che lavoreremo insieme a New York. Grazie. <i><\/i><\/p>\n<p>\u00a0<\/p>\n<p>\u00a0<\/p>\n","protected":false},"excerpt":{"rendered":"Palermo, 21 giugno 2017 (fa fede solo il testo effettivamente pronunciato) Caro Bert, Professor Fabio Mazzola, Signore e signori, Buongiorno a tutti! Complimenti per l\u2019ottimo lavoro svolto in questi tre giorni. Immaginate di avere questaa stessa intensit\u00e0, questa stessa energia e questa stessa passione per due anni! \u00c8 questo l\u2019obiettivo che l\u2019Italia e i Paesi [&hellip;]","protected":false},"author":1,"featured_media":0,"comment_status":"","ping_status":"","sticky":false,"template":"","format":"standard","meta":{"footnotes":""},"categories":[22],"tags":[76],"class_list":["post-22162","post","type-post","status-publish","format-standard","hentry","category-interventi","tag-ministri-precedenti"],"_links":{"self":[{"href":"https:\/\/www.esteri.it\/it\/wp-json\/wp\/v2\/posts\/22162","targetHints":{"allow":["GET"]}}],"collection":[{"href":"https:\/\/www.esteri.it\/it\/wp-json\/wp\/v2\/posts"}],"about":[{"href":"https:\/\/www.esteri.it\/it\/wp-json\/wp\/v2\/types\/post"}],"author":[{"embeddable":true,"href":"https:\/\/www.esteri.it\/it\/wp-json\/wp\/v2\/users\/1"}],"replies":[{"embeddable":true,"href":"https:\/\/www.esteri.it\/it\/wp-json\/wp\/v2\/comments?post=22162"}],"version-history":[{"count":0,"href":"https:\/\/www.esteri.it\/it\/wp-json\/wp\/v2\/posts\/22162\/revisions"}],"wp:attachment":[{"href":"https:\/\/www.esteri.it\/it\/wp-json\/wp\/v2\/media?parent=22162"}],"wp:term":[{"taxonomy":"category","embeddable":true,"href":"https:\/\/www.esteri.it\/it\/wp-json\/wp\/v2\/categories?post=22162"},{"taxonomy":"post_tag","embeddable":true,"href":"https:\/\/www.esteri.it\/it\/wp-json\/wp\/v2\/tags?post=22162"}],"curies":[{"name":"wp","href":"https:\/\/api.w.org\/{rel}","templated":true}]}}