{"id":22166,"date":"2017-07-07T14:17:18","date_gmt":"2017-07-07T12:17:18","guid":{"rendered":"https:\/\/www.esteri.it\/sala_stampa\/archivionotizie\/comunicati\/2017\/07\/discorso-dell-on-ministro-per-l_0\/"},"modified":"2017-07-07T14:17:18","modified_gmt":"2017-07-07T12:17:18","slug":"discorso-dell-on-ministro-per-l_0","status":"publish","type":"post","link":"https:\/\/www.esteri.it\/it\/sala_stampa\/archivionotizie\/interventi\/2017\/07\/discorso-dell-on-ministro-per-l_0\/","title":{"rendered":"Discorso dell\u2019On. Ministro per l\u2019evento \u201cItalia. Paese per Viaggiatori\u201d &#8211; Presentazione del Piano Strategico del Turismo 2017-2022"},"content":{"rendered":"<p>Farnesina, 20 giugno 2017<\/p>\n<p><i>(fa fede solo il testo effettivamente pronunciato)<\/i><\/p>\n<p>Signore e Signori,<\/p>\n<p>\u00e8 mio grande piacere darvi il benvenuto, in particolare:<\/p>\n<p>&#8211;\u00a0\u00a0\u00a0\u00a0\u00a0\u00a0\u00a0 al Corpo diplomatico,<\/p>\n<p>&#8211;\u00a0\u00a0\u00a0\u00a0\u00a0\u00a0\u00a0 al Ministro Dario Franceschini,<\/p>\n<p>&#8211;\u00a0\u00a0\u00a0\u00a0\u00a0\u00a0\u00a0 al Vice Presidente Giovanni Lolli<i>,<\/i><\/p>\n<p>&#8211;\u00a0\u00a0\u00a0\u00a0\u00a0\u00a0\u00a0 ai rappresentanti dei Ministeri, delle Regioni e degli Enti locali,<\/p>\n<p>&#8211;\u00a0\u00a0\u00a0\u00a0\u00a0\u00a0\u00a0 ai rappresentanti di ENIT, di Alitalia, delle Agenzie specializzate, della stampa e tutti gli addetti ai lavori che hanno contribuito al Piano Strategico del Turismo 2017-2022.<\/p>\n<p>Il 2016 \u00e8 stato un anno molto positivo per il turismo in Italia:<\/p>\n<p>&#8211;\u00a0\u00a0\u00a0\u00a0\u00a0\u00a0\u00a0 Abbiamo visto crescere gli arrivi dei turisti stranieri del 3,7%.<\/p>\n<p>&#8211;\u00a0\u00a0\u00a0\u00a0\u00a0\u00a0\u00a0 L\u2019Italia \u00e8 la quinta destinazione al mondo pi\u00f9 visitata, con oltre 52 milioni di visitatori.<\/p>\n<p>&#8211;\u00a0\u00a0\u00a0\u00a0\u00a0\u00a0\u00a0 E nell\u2019era dei <i>social network<\/i>, va anche ricordato che l\u2019Italia \u00e8 il Paese pi\u00f9 fotografato al mondo su <i>Instagram!<\/i><\/p>\n<p>Come ho detto recentemente a una conferenza di investitori, siamo gli \u201cazionisti\u201d di un \u201cglobal brand italiano\u201d che va oltre la \u201cdimensione Paese\u201d. E\u2019 un concetto di vita, di stile, di benessere e di arricchimento culturale.<\/p>\n<p>Il Piano del Turismo \u00e8 un nuovo strumento che rafforza la\u00a0 diplomazia economica della Farnesina. Perch\u00e9 il turismo \u00e8 un importantissimo volano della nostra economia: rappresenta il 12% del PIL e il 13% dell\u2019occupazione.<\/p>\n<p>Con il Piano Strategico del Turismo vogliamo contribuire a rafforzare la crescita del PIL che abbiamo registrato in questi primi mesi del 2017. Vogliamo continuare ad attrarre turisti nelle citt\u00e0 e nei luoghi pi\u00f9 famosi. Ma vogliamo anche promuovere destinazioni meno conosciute e pure ricche di potenzialit\u00e0 ancora inespresse. \u00a0Mi riferisco alle aree rurali, i borghi antichi, le piccole e medie citt\u00e0 d\u2019arte, i parchi naturali e marini.<\/p>\n<p>Per stare al passo con i tempi, nel Piano c\u2019\u00e8 molta attenzione alla digitalizzazione, all\u2019innovazione, e alla sostenibilit\u00e0.<\/p>\n<p>C\u2019\u00e8 una maggiore attenzione al Mezzogiorno: Campania, Sicilia e Molise hanno registrato picchi di spesa turistica ben oltre la media nazionale.<\/p>\n<p>C\u2019\u00e8 la voglia di ripartire dalle Regioni, per portare lavoro nei centri periferici, investendo nelle aziende che generano ricadute nei territori locali.<\/p>\n<p>E c\u2019\u00e8 l\u2019intenzione di capitalizzare meglio le potenzialit\u00e0 dei nostri 51 siti UNESCO di patrimonio artistico, culturale e paesaggistico.<\/p>\n<p>E vogliamo farlo attraverso un lavoro di squadra: il Piano per il Turismo mette insieme tantissimi attori del settore turistico, pubblici e privati.<\/p>\n<p>Ognuno di noi \u00e8 chiamato a dare il proprio contributo.<\/p>\n<p>Da parte della Farnesina c\u2019\u00e8 il coinvolgimento totale della nostra rete di Ambasciate, Consolati, Istituto di Cultura e Uffici ICE, che saranno al servizio dell\u2019attuazione del Piano.<\/p>\n<p>La Farnesina sta gi\u00e0 conducendo un importante sforzo anche sul piano delle politiche dei visti: oggi l\u2019Italia \u00e8 all\u2019avanguardia, tra i Paesi Schengen, per la qualit\u00e0 del servizio e la velocit\u00e0 delle procedure.<\/p>\n<p>In alcuni mercati particolarmente importanti &#8211; come Cina e Russia &#8211; \u00a0il visto turistico si ottiene in pochissimi giorni e abbiamo introdotto visti di lunga durata: con validit\u00e0 da uno a cinque anni, che consentono ingressi multipli. E\u2019 una risposta anche a quello che sento dire spesso, qui a Roma, di un turismo \u201cmordi e fuggi\u201d.<\/p>\n<p>Ma soprattutto ricordo che negli ultimi 5 anni l\u2019Italia ha concesso in media 2 milioni di visti all\u2019anno: si tratta di un grande lavoro al servizio dei nostri cittadini, delle nostre imprese e dei nostri territori.<\/p>\n<p>Sono convinto che il Piano del Turismo dar\u00e0 ulteriore slancio al nostro articolato programma \u201cVivere all\u2019Italiana\u201d di promozione integrata dell\u2019Italia \u2013 dalla lingua al design, dalla tecnologia all\u2019arte, dalla cucina all\u2019archeologia \u2013 che la Farnesina ha sviluppato per valorizzare e per difende il \u201cmarchio Italia\u201d nel mondo.<\/p>\n<p>Concludo ricordando che l\u2019Italia \u00e8 stato il Paese che ha inventato il turismo nell\u2019era moderna. Nel Settecento e nell\u2019Ottocento tutti i rampolli delle migliori famiglie d\u2019Europa, artisti, letterati e pittori, facevano il cosiddetto <i>grand tour<\/i> nelle citt\u00e0 d\u2019arte del nostro Paese per finalizzare la loro formazione.<\/p>\n<p>Ecco, io credo che dobbiamo riscoprire questo nostro straordinario passato per continuare ad attrare il turismo d\u2019\u00e9lite, che \u00e8 quello che porta pi\u00f9 ricchezza, pi\u00f9 occupazione e pi\u00f9 crescita. Ma che \u00e8 anche quello che esige una pi\u00f9 elevata qualit\u00e0 di servizi.<\/p>\n<p>Cinesi, russi ed indiani sono i rampolli del presente, che hanno preso il posto un tempo degli inglesi, dei tedeschi e dei francesi. Ma hanno lo stesso desiderio di formarsi e di essere conquistati dalla nostra cultura, e dall\u2019<i>Italian Lifestyle.<\/i><\/p>\n<p>E senza nulla togliere alle bellezze di Roma, di Firenze e di Venezia, dobbiamo allargare il percorso del <i>grand tour<\/i>, portando i turisti a scoprire i tesori degli straordinari borghi e luoghi meni conosciuti della nostra splendida penisola.<\/p>\n<p>Direi che questa \u00e8 la nostra sfida!<\/p>\n","protected":false},"excerpt":{"rendered":"Farnesina, 20 giugno 2017 (fa fede solo il testo effettivamente pronunciato) Signore e Signori, \u00e8 mio grande piacere darvi il benvenuto, in particolare: &#8211;\u00a0\u00a0\u00a0\u00a0\u00a0\u00a0\u00a0 al Corpo diplomatico, &#8211;\u00a0\u00a0\u00a0\u00a0\u00a0\u00a0\u00a0 al Ministro Dario Franceschini, &#8211;\u00a0\u00a0\u00a0\u00a0\u00a0\u00a0\u00a0 al Vice Presidente Giovanni Lolli, &#8211;\u00a0\u00a0\u00a0\u00a0\u00a0\u00a0\u00a0 ai rappresentanti dei Ministeri, delle Regioni e degli Enti locali, &#8211;\u00a0\u00a0\u00a0\u00a0\u00a0\u00a0\u00a0 ai rappresentanti di ENIT, di [&hellip;]","protected":false},"author":1,"featured_media":0,"comment_status":"","ping_status":"","sticky":false,"template":"","format":"standard","meta":{"footnotes":""},"categories":[22],"tags":[76],"class_list":["post-22166","post","type-post","status-publish","format-standard","hentry","category-interventi","tag-ministri-precedenti"],"_links":{"self":[{"href":"https:\/\/www.esteri.it\/it\/wp-json\/wp\/v2\/posts\/22166","targetHints":{"allow":["GET"]}}],"collection":[{"href":"https:\/\/www.esteri.it\/it\/wp-json\/wp\/v2\/posts"}],"about":[{"href":"https:\/\/www.esteri.it\/it\/wp-json\/wp\/v2\/types\/post"}],"author":[{"embeddable":true,"href":"https:\/\/www.esteri.it\/it\/wp-json\/wp\/v2\/users\/1"}],"replies":[{"embeddable":true,"href":"https:\/\/www.esteri.it\/it\/wp-json\/wp\/v2\/comments?post=22166"}],"version-history":[{"count":0,"href":"https:\/\/www.esteri.it\/it\/wp-json\/wp\/v2\/posts\/22166\/revisions"}],"wp:attachment":[{"href":"https:\/\/www.esteri.it\/it\/wp-json\/wp\/v2\/media?parent=22166"}],"wp:term":[{"taxonomy":"category","embeddable":true,"href":"https:\/\/www.esteri.it\/it\/wp-json\/wp\/v2\/categories?post=22166"},{"taxonomy":"post_tag","embeddable":true,"href":"https:\/\/www.esteri.it\/it\/wp-json\/wp\/v2\/tags?post=22166"}],"curies":[{"name":"wp","href":"https:\/\/api.w.org\/{rel}","templated":true}]}}