{"id":22170,"date":"2017-07-07T13:12:47","date_gmt":"2017-07-07T11:12:47","guid":{"rendered":"https:\/\/www.esteri.it\/sala_stampa\/archivionotizie\/comunicati\/2017\/07\/discorso-dell-on-ministro-all-evento_5\/"},"modified":"2017-07-07T13:12:47","modified_gmt":"2017-07-07T11:12:47","slug":"discorso-dell-on-ministro-all-evento_5","status":"publish","type":"post","link":"https:\/\/www.esteri.it\/it\/sala_stampa\/archivionotizie\/interventi\/2017\/07\/discorso-dell-on-ministro-all-evento_5\/","title":{"rendered":"Discorso dell\u2019On. Ministro all\u2019evento \u201cItalianism &#8211; Il design della parola. La parola ai designer\u201d"},"content":{"rendered":"<p>Farnesina, 15 giugno 2017<\/p>\n<p><i>(fa fede solo il testo effettivamente pronunciato)<\/i><\/p>\n<p>Signore e Signori,<\/p>\n<p>Rivolgo a tutti un caloroso benvenuto alla Farnesina e ringrazio quanti hanno collaborato con noi per realizzare questo bellissimo evento, in particolare:<\/p>\n<p>-il Dott. Paolo Marchesini<\/p>\n<p>-il Dott. Renato Fontana<\/p>\n<p>-la Dott.ssa Giovanna Talocci <i><\/i><\/p>\n<p>-il Ministro Massimo Bray<i>. <\/i>Chi \u00e8 stato Ministro una volta \u00e8 per me sempre Ministro.<\/p>\n<p><i>\u00a0<\/i>Rivolgo soprattutto un affettuoso saluto e ringraziamento ai giovani e nuovi talenti del design italiano ai quali oggi \u201cdiamo la parola\u201d.<\/p>\n<p>Come suggerisce il titolo intendiamo esplorare, con creativit\u00e0, il rapporto tra la nostra lingua e il mondo dei progettisti e dei designer. Una sfida affrontata in 30 opere selezionate dalla giuria di <i>Italianism <\/i>che interpretano 10 parole della lingua italiana legate al mondo della cultura e del design. <i>(etica, forma, futuro, idea,\u00a0 innovazione, interazione, intuizione, progetto, ricerca, visione)<\/i><\/p>\n<p>A marzo, ricorderete, abbiamo lanciato la \u201cPrima Giornata del Design Italiano\u201d: una \u201cprima assoluta\u201d presentata in 100 citt\u00e0 del mondo. In quell\u2019occasione dissi che il <em>design ci insegna ad aprirci all\u2019innovazione, senza paura e senza pregiudizi. <\/em><em><\/em><\/p>\n<p><em>L\u2019evento di oggi \u00e8 un altro esempio concreto. Rimango convinto che il design deve essere fondato sulla libert\u00e0 di rischiare. Come spesso ricordo ai giovani, non ci pu\u00f2 essere i<\/em>nnovazione senza la possibilit\u00e0 di tentare e di sbagliare. Luigi Einaudi diceva: <i>\u201cprova ed errore, sono le caratteristiche dei regimi liberi\u201d<\/i>. <em><\/em><\/p>\n<p><em>Quindi, il compito del Governo &#8211; l\u2019ho sempre creduto &#8211; \u00e8 di fare in modo che l\u2019investimento nell\u2019innovazione garantisca uno spazio sufficiente per rischiare. E in questo modo <\/em>daremo maggiore slancio al percorso di crescita che abbiamo intrapreso, come ci indicano i recenti dati del PIL.<\/p>\n<p>In un certo senso, il design \u00e8 anche un modello per la nostra crescita, perch\u00e9 ha una capacit\u00e0 &#8211; unica e straordinaria &#8211; di coniugare cultura e creativit\u00e0, bellezza e funzionalit\u00e0. E fa tutto ci\u00f2 mentre produce ricchezza.<\/p>\n<p>Non \u00e8 per caso che il design si afferma in Italia, perch\u00e9 il design permea il terreno della cultura, dell\u2019arte, del pensiero e del vivere bene all\u2019italiana. Il suo successo si fonda sulla sapienza dell\u2019artigianato, sullo spirito di sperimentazione e soprattutto sulla bellezza applicata agli oggetti. L\u2019utilit\u00e0 del design.<\/p>\n<p>Non dimentichiamo che l\u2019Italia \u00e8 un Paese con poche risorse naturali. Siamo cresciuti senza petrolio, oro, diamanti o altre grandi risorse. La nostra cultura e la nostra creativit\u00e0 sono la fonte primaria della nostra prosperit\u00e0.<\/p>\n<p>L\u2019industria creativa \u00e8 un volano della nostra economia. Secondo un recente studio realizzato da <i>Ernst &#038; Young, <\/i>l\u2019Italia che crea valore con la creativit\u00e0 produce annualmente un valore economico di circa 50 miliardi di euro. Un dato che \u00e8 in aumento, grazie anche alla ripresa del PIL.\u00a0\u00a0 \u00a0<\/p>\n<p>Il design \u00e8 un pilastro della diplomazia economica della Farnesina, ma trova anche molti punti di incontro con la diplomazia in generale: perch\u00e9 come sanno molto bene i giovani talenti, qui con noi, per essere creativi bisogna aprirsi al mondo, bisogna saper confrontarsi con gli altri e con altri punti di vista. Bisogna sapere dialogare e stimolare il dialogo, come fa molto bene la nostra diplomazia.<\/p>\n<p>Il design \u00e8 uno spazio nel quale si possono avere idee ed espressioni diverse.<\/p>\n<p>E proprio perch\u00e9 il design \u00e8 multiforme, lo sforzo pi\u00f9 bello che ha fatto la Farnesina \u00e8 stato quello di sostenere un programma di promozione integrata e multidisciplinare dell\u2019Italianit\u00e0 e del \u201cVivere all\u2019italiana\u201d.<\/p>\n<p>Abbiamo lavorato \u201cin squadra\u201d con tanti soggetti diversi: dalla nostra rete diplomatica agli Istituti di Cultura, dagli Uffici ICE ai centri di ricerca, dagli enti di formazione alle associazioni di categoria pi\u00f9 rappresentative, come quelle oggi qui con noi. \u00a0<\/p>\n<p>Ho gi\u00e0 menzionato il successo della \u201cPrima Giornata del Design Italiano\u201d. Cito rapidamente alcune altre iniziative importanti.<\/p>\n<p>L\u2019Italia promuove il design nel grande dibattito culturale internazionale. Un esempio meraviglioso di questo sforzo \u00e8 stata la XXI Esposizione Internazionale della Triennale di Milano sul tema <i>\u201cTwenty-first Century: Design After Design\u201d<\/i> (apr.-sett. 2016). E lo sar\u00e0 anche la Triennale del 2019 con il nuovo titolo<i>\u201cGreen is the color\u201d.<\/i><\/p>\n<p>Abbiamo accompagnato l\u2019internazionalizzazione del Salone del Mobile di Milano, con la sua prima edizione di Shangai (nov. 2016), evento che ha riscosso un enorme successo ed interesse.<\/p>\n<p>L\u2019ultima edizione della Settimana della lingua italiana \u00e8 stata dedicata all\u2019industria culturale e creativa, con grande attenzione soprattutto al design.<\/p>\n<p>E grazie all\u2019Associazione per il Disegno Industriale e alla Fondazione Compasso d\u2019Oro, abbiamo arricchito la collezione d\u2019arte contemporanea della Farnesina con il percorso espositivo sul \u201cCompasso d\u2019Oro\u201d:\u00a0 40 grandi icone del design italiano sono in mostra in questo Palazzo, come la Ducati \u201cPanigale\u201d che potete ammirare all\u2019uscita di questa Sala.<\/p>\n<p>L\u2019unico inconveniente \u00e8 che adesso le delegazione straniere si fermano ad ammirare le opere del nostro ingegno, per i corridoi della Farnesina, e tendono ad arrivare nel mio ufficio un po\u2019 in ritardo!<\/p>\n<p>Sono molto contento che oggi si aggiungono 30 nuove opere di designer ed artisti emergenti, poste accanto alle opere della \u201cCollezione Farnesina\u201d, in modo da poter osservare il passato, il presente e il futuro della nostra creativit\u00e0.<\/p>\n<p><em>Mi auguro che con questo confronto simbolico, la Farnesina contribuisca ad un cambio di passo, premiando e dando pi\u00f9 spazio ai talenti emergenti. <\/em><em><\/em><\/p>\n<p><em>Ai giovani dico che qui alla Farnesina, e nella nostra rete all\u2019estero, troverete sempre un forte sostegno per realizzare le vostre idee e i vostri sogni. <\/em><em><\/em><\/p>\n","protected":false},"excerpt":{"rendered":"Farnesina, 15 giugno 2017 (fa fede solo il testo effettivamente pronunciato) Signore e Signori, Rivolgo a tutti un caloroso benvenuto alla Farnesina e ringrazio quanti hanno collaborato con noi per realizzare questo bellissimo evento, in particolare: -il Dott. Paolo Marchesini -il Dott. Renato Fontana -la Dott.ssa Giovanna Talocci -il Ministro Massimo Bray. Chi \u00e8 stato [&hellip;]","protected":false},"author":1,"featured_media":0,"comment_status":"","ping_status":"","sticky":false,"template":"","format":"standard","meta":{"footnotes":""},"categories":[22],"tags":[76],"class_list":["post-22170","post","type-post","status-publish","format-standard","hentry","category-interventi","tag-ministri-precedenti"],"_links":{"self":[{"href":"https:\/\/www.esteri.it\/it\/wp-json\/wp\/v2\/posts\/22170","targetHints":{"allow":["GET"]}}],"collection":[{"href":"https:\/\/www.esteri.it\/it\/wp-json\/wp\/v2\/posts"}],"about":[{"href":"https:\/\/www.esteri.it\/it\/wp-json\/wp\/v2\/types\/post"}],"author":[{"embeddable":true,"href":"https:\/\/www.esteri.it\/it\/wp-json\/wp\/v2\/users\/1"}],"replies":[{"embeddable":true,"href":"https:\/\/www.esteri.it\/it\/wp-json\/wp\/v2\/comments?post=22170"}],"version-history":[{"count":0,"href":"https:\/\/www.esteri.it\/it\/wp-json\/wp\/v2\/posts\/22170\/revisions"}],"wp:attachment":[{"href":"https:\/\/www.esteri.it\/it\/wp-json\/wp\/v2\/media?parent=22170"}],"wp:term":[{"taxonomy":"category","embeddable":true,"href":"https:\/\/www.esteri.it\/it\/wp-json\/wp\/v2\/categories?post=22170"},{"taxonomy":"post_tag","embeddable":true,"href":"https:\/\/www.esteri.it\/it\/wp-json\/wp\/v2\/tags?post=22170"}],"curies":[{"name":"wp","href":"https:\/\/api.w.org\/{rel}","templated":true}]}}