{"id":22176,"date":"2017-07-07T12:43:33","date_gmt":"2017-07-07T10:43:33","guid":{"rendered":"https:\/\/www.esteri.it\/sala_stampa\/archivionotizie\/comunicati\/2017\/07\/discorso-dell-on-ministro-la-farnesina_1\/"},"modified":"2017-07-07T12:43:33","modified_gmt":"2017-07-07T10:43:33","slug":"discorso-dell-on-ministro-la-farnesina_1","status":"publish","type":"post","link":"https:\/\/www.esteri.it\/it\/sala_stampa\/archivionotizie\/interventi\/2017\/07\/discorso-dell-on-ministro-la-farnesina_1\/","title":{"rendered":"Discorso dell\u2019On. Ministro \u201cLa Farnesina incontra le Imprese\u201d"},"content":{"rendered":"<p style=\"text-align: left;\">Bari, 23 giugno 2017<\/p>\n<p style=\"text-align: left;\"><i>(fa fede solo il testo effettivamente pronunciato)<\/i><\/p>\n<p>Caro Presidente Ambrosi,<\/p>\n<p>Cari amici imprenditori,<\/p>\n<p>Vi ringrazio tutti di cuore per la calorosa accoglienza.\u00a0<\/p>\n<p><i>\u00a0<\/i><\/p>\n<p>Come sapete, la mia visita fa parte di una iniziativa che mi sta portando in tutta l\u2019Italia, dal Nord al Sud, che abbiamo chiamato \u201cLa Farnesina incontra le Imprese\u201d. Oggi, sono particolarmente felice di essere qui a Bari per la sua ottava tappa.<\/p>\n<p>Negli ultimi anni, la Puglia ha fatto un grandissimo salto in avanti ed \u00e8 diventata un modello di sviluppo per il Sud. Ne riparler\u00f2 pi\u00f9 tardi al Convegno \u201cSud 4.0\u201d presso la Libera Universit\u00e0 Mediterranea Jean Monnet. Ma il punto \u00e8 questo: i settori pi\u00f9 tradizionali che tanto amiamo di questa Regione, come l\u2019agricoltura e il turismo, convivono con quelli pi\u00f9 innovativi dell\u2019aerospazio, della meccatronica, delle nanotecnologie e delle tecnologie dell&#8217;informazione e della comunicazione <i>(ICT).<\/i><\/p>\n<p>L\u2019immagine della Puglia che riscontro all\u2019estero \u00e8 l\u2019immagine di una regione in movimento, dinamica e determinata, che compie grandi passi sulla via dell\u2019innovazione, senza mai dimenticare la sua storia e le sue tradizioni, che salvaguardano la qualit\u00e0 di ogni sua produzione.<\/p>\n<p>E\u2019 anche l\u2019immagine di una regione che ha una naturale vocazione al rapporto con l\u2019estero: nel 2016, la Puglia ha generato dall\u2019export quasi 8 miliardi di euro <i>(\u00e8 stata l\u2019undicesima Regione esportatrice)<\/i>.<\/p>\n<p>Complessivamente, dal 2008 al 2016, le esportazioni italiane sono cresciute del 13% e hanno raggiunto un peso del 25% del PIL: si tratta di oltre 417 miliardi di euro, con un surplus commerciale di 51,5 miliardi.<\/p>\n<p>E nel primo trimestre del 2017 i risultati dell\u2019export nazionale sono stati impressionanti: +14,5% rispetto al 2016. Un livello che non si vedeva da oltre cinque anni!<\/p>\n<p>\u00a0\u201cLa Farnesina incontra le Imprese\u201d ha per me un duplice obiettivo: voglio ascoltare e capire i bisogni degli imprenditori; e desidero aiutarvi ad utilizzare il pieno potenziale della rete della Farnesina nel mondo.<\/p>\n<p>La diplomazia economica \u00e8 una priorit\u00e0 strategica del mio mandato alla Farnesina, perch\u00e9 sono consapevole che la domanda di servizi da parte delle imprese per internazionalizzarsi \u00e8 crescente. E la politica estera deve essere uno strumento a loro sostegno per accompagnare la crescita economica.<\/p>\n<p>Sono qui perch\u00e9 non tutti sanno: che le gare ed i contratti aggiudicati ad aziende italiane, con il sostegno della rete diplomatico-consolare, hanno prodotto oltre l\u20191% del PIL.<\/p>\n<p>E non tutti sanno: che le porte delle nostre Ambasciata e dei nostri Consolati sono spalancate alle imprese: per la conquista di nuovi mercati; per la penetrazione ed espansione dell\u2019export; per l\u2019attrazione degli investimenti; per la realizzazione degli investimenti; per la partecipazione a gare; e poi anche in caso di contenziosi, ostacoli normativi e amministrativi.<\/p>\n<p>Vorrei ricordare brevemente alcuni impegni chiave, che coinvolgono direttamente la Farnesina e la sua rete:<\/p>\n<p>C\u2019\u00e8 innanzitutto il Piano straordinario per il <i>Made in Italy<\/i>, con oltre 300 milioni di euro per sostenere l\u2019internazionalizzazione delle imprese italiane, a cui si aggiungono 50 milioni di euro del nuovo Piano Export Sud <i>(finanziato con fondi europei).<\/i><\/p>\n<p>C\u2019\u00e8 l\u2019impegno a \u201cgiocare di squadra\u201d con un articolato programma \u201cVivere all\u2019Italiana\u201d di promozione integrata del nostro Paese \u2013 dalla lingua al design, dalla tecnologia all\u2019arte, dalla cucina all\u2019archeologia \u2013 per valorizzare e per difende il \u201cmarchio Italia\u201d nel mondo.<\/p>\n<p>\u201cVivere all\u2019Italiana\u201d \u00e8 un marchio fatto di bellezza, creativit\u00e0 e capacit\u00e0 tecnologica, promosso da ogni componente della nostra rete.<\/p>\n<p>Ma \u00e8 anche un impegno a difendere le nostre indicazioni geografiche; per contrastare il fenomeno dell\u2019<i>Italian sounding <\/i>e le politiche dei \u201csemafori alimentari\u201d; e per tutelare la propriet\u00e0 intellettuale ed industriale.<\/p>\n<p>Pochi giorni fa ho lanciato alla Farnesina il Piano per il Turismo 2017\/2022, che sar\u00e0 un nuovo strumento della diplomazia economica.<\/p>\n<p>Vogliamo continuare ad attrarre turisti nelle citt\u00e0 e nei luoghi pi\u00f9 famosi. Ma vogliamo anche promuovere destinazioni meno conosciute e pure ricche di potenzialit\u00e0 ancora inespresse: le aree rurali, i borghi antichi, le piccole e medie citt\u00e0 d\u2019arte, i parchi naturali e marini.<\/p>\n<p>C\u2019\u00e8 la voglia di ripartire dalle Regioni, sostenendo quelle aziende del settore che generano ricadute nei territori locali. C\u2019\u00e8 una maggiore attenzione al Mezzogiorno: la Puglia \u00e8 sempre fra le regioni del Sud nelle quali aumentano gli arrivi e la spesa turistica, assieme a Campania, Sicilia e Molise. Oltre 3 milioni e mezzo di turisti visitano la Puglia ogni anno.<\/p>\n<p>Sempre alla Farnesina, ho lanciato il Piano strategico per l\u2019internazionalizzazione delle Universit\u00e0 2017\/2020. L\u2019obiettivo a cui tengo di pi\u00f9 \u00e8 di rimettere i giovani al centro del sistema. Dobbiamo dare priorit\u00e0 assoluta ai capitoli della formazione, dell\u2019imprenditorialit\u00e0 e dell\u2019accesso al lavoro.<\/p>\n<p>Il Piano identifica le nostre priorit\u00e0 geografiche. Oltre ai Paesi del Mediterraneo e dei Balcani &#8211; che rimangono per noi sempre prioritari &#8211; i Paesi dove intendiamo svolgere nuove azioni sono: Cina, India, USA, Argentina, Etiopia, Iran, Israele e\u00a0 Messico.<\/p>\n<p>L\u2019internazionalizzazione delle nostre Universit\u00e0 fa bene agli studenti, ma fa anche bene alle aziende, perch\u00e9 dalle Universit\u00e0 pi\u00f9 internazionalizzate possono scegliere gli studenti pi\u00f9 brillanti.<\/p>\n<p>Mi fa molto piacere che le immatricolazioni al Politecnico di Bari sono in aumento di quasi il 20% e quelle degli studenti stranieri hanno registrato un picco del + 300%. Ci sono tante storie di successo di giovani imprenditori baresi che hanno sviluppato i loro progetti nelle Universit\u00e0. E questo \u00e8 un altro tema che intendo approfondire al Convegno \u201cSud 4.0\u201d pi\u00f9 tardi.<\/p>\n<p>C\u2019\u00e8 poi l\u2019impegno della diplomazia economica ad attrare pi\u00f9 investimenti. Abbiamo reso le politiche di visto pi\u00f9 attrattive per i manager stranieri:<\/p>\n<p>&#8211;\u00a0\u00a0\u00a0\u00a0\u00a0\u00a0\u00a0 Visti Business rilasciati in 72 ore da Ambasciate e Consolati, ma l\u2019obiettivo \u00e8 ridurre questi tempi ulteriormente.<\/p>\n<p>&#8211;\u00a0\u00a0\u00a0\u00a0\u00a0\u00a0\u00a0 Visti Startup per incentivare imprese creative ed innovative interessate al mercato italiano.<\/p>\n<p>&#8211;\u00a0\u00a0\u00a0\u00a0\u00a0\u00a0\u00a0 Visti per Investitori per consentire agli imprenditori esteri di risiedere ed investire in Italia pi\u00f9 facilmente.<\/p>\n<p>Da poche settimane, all\u2019interno della Farnesina, abbiamo anche istituito un Ufficio per gli Investimenti Esteri, che sar\u00e0 il punto di riferimento per le multinazionali e le imprese straniere che guardano all\u2019Italia.<\/p>\n<p>Ma c\u2019\u00e8 di pi\u00f9: oltre all\u2019assistenza delle Ambasciate e dei Consolati,\u00a0 in collaborazione con il MISE e con l\u2019ICE abbiamo creato 7 nuovi Desk per l\u2019attrazione degli investimenti esteri a: Istanbul, Londra, New York, Singapore, Tokyo, Dubai, San Francisco. Altri 2 Desk saranno aperti a breve\u00a0 a Pechino e Hong Kong.<\/p>\n<p>Per promuovere gli investimenti stranieri in Italia, ho organizzato una Conferenza di investitori &#8211; <i>\u201cInvest in Italy\u201d \u2013 <\/i>il 13 giugno scorso alla Farnesina. Sono contento che molti investitori si sono gi\u00e0 accorti dei passi avanti fatti dall\u2019Italia: un numero crescente di multinazionali si riaffaccia al nostro mercato; siamo rientrati nei radar dei grandi fondi sovrani ed internazionali; e stiamo risalendo gli indici mondiali degli investimenti e del <i>business climate<\/i>.<\/p>\n<p>Per lunghi anni dopo la crisi \u2013 una crisi ancora pi\u00f9 profonda di quella fra le due guerre mondiali \u2013 i Governi di cui ho fatto parte, di questa Legislatura, hanno lavorato giorno e notte per mettere in sicurezza la nostra economia.<\/p>\n<p>Oggi incominciamo a vederne i frutti, dopo provvedimenti significativi come ad esempio: il programma per gli investimenti \u201cDestinazione Italia\u201d, il Jobs Act, le riforme della giustizi civile, l\u2019ammodernamento dell\u2019amministrazione pubblica, l\u2019amministrazione fiscale pi\u00f9 trasparente e prevedibile, e il Piano Industria 4.0.<\/p>\n<p>L\u2019Italia \u00e8 tornata a crescere e anche la disoccupazione ha segnato un calo (da 11,5% a 11,1%, secondo dati Istat di aprile), toccando il livello pi\u00f9 basso negli ultimi 4 anni.<\/p>\n<p>Nel primo quadrimestre dell\u2019anno, la crescita dell\u2019Eurozona \u00e8 stata doppia rispetto a quella degli USA. E l\u2019indice del \u201csentimento degli investitori nell\u2019Eurozona\u201d, da questo mese, \u00e8 al livello pi\u00f9 alto dal 2007 <i>(Eurozone investor sentiment). <\/i><\/p>\n<p>Quello che dico agli investitori e agli imprenditori \u00e8 di avere pi\u00f9 fiducia nel futuro dell\u2019Europa e dell\u2019Italia. Non soltanto perch\u00e9 oggi le statistiche stanno dalla nostra parte, ma perch\u00e9 noi stiamo dalla vostra parte nell\u2019aprire i mercati e nel difendere il libero scambio.<\/p>\n<p>Oggi i rischi sono sempre pi\u00f9 politici e molto meno economici. L\u2019Italia ha bisogno di una visione politica che punti su progetti di lungo periodo. Perch\u00e9 gli investitori chiedono un\u2019Italia che dia certezze e che non metta in dubbio l\u2019Europa o l\u2019Euro, come fanno i populisti \u201ccon gli slogan\u201d.<\/p>\n<p>Ho a cuore il ruolo dell\u2019Italia nel mondo e per questo credo nell\u2019apertura dei mercati e credo nell\u2019Europa. Un Paese esportatore come l\u2019Italia conta sul commercio internazionale, sull\u2019UE e sull\u2019Euro, per diffondere i nostri prodotti nel mondo e per crescere.<\/p>\n<p>Gli interessi in gioco sono alti. E quindi anche voi imprenditori dovete aiutarci a fare uno sforzo aggiuntivo per difendere il libero commercio e per difendere un\u2019Europa che ci garantisce pace, crescita e prosperit\u00e0.<\/p>\n","protected":false},"excerpt":{"rendered":"Bari, 23 giugno 2017 (fa fede solo il testo effettivamente pronunciato) Caro Presidente Ambrosi, Cari amici imprenditori, Vi ringrazio tutti di cuore per la calorosa accoglienza.\u00a0 \u00a0 Come sapete, la mia visita fa parte di una iniziativa che mi sta portando in tutta l\u2019Italia, dal Nord al Sud, che abbiamo chiamato \u201cLa Farnesina incontra le [&hellip;]","protected":false},"author":1,"featured_media":0,"comment_status":"","ping_status":"","sticky":false,"template":"","format":"standard","meta":{"footnotes":""},"categories":[22],"tags":[76],"class_list":["post-22176","post","type-post","status-publish","format-standard","hentry","category-interventi","tag-ministri-precedenti"],"_links":{"self":[{"href":"https:\/\/www.esteri.it\/it\/wp-json\/wp\/v2\/posts\/22176","targetHints":{"allow":["GET"]}}],"collection":[{"href":"https:\/\/www.esteri.it\/it\/wp-json\/wp\/v2\/posts"}],"about":[{"href":"https:\/\/www.esteri.it\/it\/wp-json\/wp\/v2\/types\/post"}],"author":[{"embeddable":true,"href":"https:\/\/www.esteri.it\/it\/wp-json\/wp\/v2\/users\/1"}],"replies":[{"embeddable":true,"href":"https:\/\/www.esteri.it\/it\/wp-json\/wp\/v2\/comments?post=22176"}],"version-history":[{"count":0,"href":"https:\/\/www.esteri.it\/it\/wp-json\/wp\/v2\/posts\/22176\/revisions"}],"wp:attachment":[{"href":"https:\/\/www.esteri.it\/it\/wp-json\/wp\/v2\/media?parent=22176"}],"wp:term":[{"taxonomy":"category","embeddable":true,"href":"https:\/\/www.esteri.it\/it\/wp-json\/wp\/v2\/categories?post=22176"},{"taxonomy":"post_tag","embeddable":true,"href":"https:\/\/www.esteri.it\/it\/wp-json\/wp\/v2\/tags?post=22176"}],"curies":[{"name":"wp","href":"https:\/\/api.w.org\/{rel}","templated":true}]}}