{"id":22194,"date":"2017-06-06T10:52:13","date_gmt":"2017-06-06T08:52:13","guid":{"rendered":"https:\/\/www.esteri.it\/sala_stampa\/archivionotizie\/comunicati\/2017\/06\/discorso-dell-on-ministro-alla_2\/"},"modified":"2017-06-06T10:52:13","modified_gmt":"2017-06-06T08:52:13","slug":"discorso-dell-on-ministro-alla_2","status":"publish","type":"post","link":"https:\/\/www.esteri.it\/it\/sala_stampa\/archivionotizie\/interventi\/2017\/06\/discorso-dell-on-ministro-alla_2\/","title":{"rendered":"Discorso dell\u2019On. Ministro alla Conferenza sulla Collaborazione MAECI &#8211; Arma dei Carabinieri"},"content":{"rendered":"<p><em>(fa fede solo il testo effettivamente pronunciato)<\/em><\/p>\n<p>\u00a0<\/p>\n<p>Ministro Pinotti,<\/p>\n<p>Generale Del Sette,<\/p>\n<p>Generale Graziano, <i><\/i><\/p>\n<p>Generale Vecciarelli,<i><\/i><\/p>\n<p>Ammiraglio Girardelli<i>, <\/i><\/p>\n<p>Ambasciatore Belloni,<\/p>\n<p>Ambasciatori ed ospiti stranieri, <i><\/i><\/p>\n<p>Cari Carabinieri,<\/p>\n<p>E\u2019 per me un grandissimo onore accogliervi qui oggi, per celebrare l\u2019eccellente collaborazione fra la diplomazia e l\u2019Arma dei Carabinieri, per rafforzare la sicurezza dei cittadini e per promuovere gli interessi italiani nel mondo.<\/p>\n<p>La legalit\u00e0 \u00e8 nel vostro cuore. Rivolgo un commosso pensiero a quanti hanno dato la vita per questo valore, in Italia e all\u2019estero. Ricordo, nella mia Agrigento, il Maresciallo Giuliano Guazzelli (Gallicano, 6 aprile 1934-Agrigento, 4 aprile 1992) ucciso dalla mafia all\u2019inizio degli anni Novanta. Giuliano difese la legalit\u00e0 con il pi\u00f9 alto sacrificio.<\/p>\n<p>E\u2019 anche un piacere incontravi perch\u00e9 &#8211; in questi mesi intensi di impegni all\u2019estero &#8211; ho ricevuto grandi elogi sull\u2019attivit\u00e0 dei Carabinieri, in particolare nell\u2019ambito della Coalizione globale anti-Daesh e in primis dal Segretario di Stato americano Tillerson.<\/p>\n<p>Vi posso dire, in tutta franchezza, che i nostri partner mi hanno letteralmente sommerso di richieste di formazione e di <i>capacity building<\/i> da parte dei Carabinieri. Avete costruito un \u201cmodello di successo\u201d che tutti vorrebbero copiare, che non \u00e8 facile improvvisare.<\/p>\n<p>E\u2019 un modello che si fonda su un grande passato: gi\u00e0 nel lontano 1897 durante la crisi fra la Grecia e l\u2019Impero Ottomano, i Carabinieri venivano incaricati di addestrare un embrione di Gendarmeria dell\u2019Isola di Creta. Anche allora, questo compito veniva svolto in sinergia con la diplomazia che contribuiva a mediare tra le parti in conflitto.<\/p>\n<p>Oggi, i Carabinieri offrono un contributo fondamentale alla Gendarmeria europea e sono in prima linea in tanti teatri cruciali contro il terrorismo. Un impegno, quello dell\u2019Italia contro il terrorismo, che abbiamo rafforzato al recentissimo Vertice G7 di Taormina con una dichiarazione comune che fortifica la nostra azione globale.<\/p>\n<p>In Iraq, grazie al vostro modello di successo, assieme all\u2019Esercito e alle forze speciali, l\u2019Italia ha \u00a0contribuito a formare circa 18.000 forze di sicurezza che stanno vincendo la battaglia contro Daesh. \u00a0<\/p>\n<p>E\u2019 un modello che coniuga capacit\u00e0 tecniche con le sensibilit\u00e0 culturali del posto. E\u2019 da questi tratti che emerge l\u2019\u201citalianit\u00e0\u201d dei nostri Carabinieri, sinonimo di rispetto, umanit\u00e0, solidariet\u00e0 e vicinanza alle popolazioni civili.<\/p>\n<p>I Carabinieri offrono una expertise e una professionalit\u00e0 assolutamente uniche, che spaziano dalle operazioni di pace e di sicurezza, alla difesa del patrimonio culturale, alla tutela dell\u2019ambiente,<\/p>\n<p>Sotto l\u2019ONU, sotto la NATO o sotto l\u2019UE, non esito a dire che l\u2019Arma dei Carabinieri \u00e8 il fiore all\u2019occhiello della stabilit\u00e0 e della pace nel mondo: dall\u2019Iraq al Libano, da Cipro all\u2019Afghanistan, dal Kosovo alla Somalia, dalla Libia al Mali.<\/p>\n<p>Fra i tanti altri settori d\u2019eccellenza dei Carabinieri, ci tengo a menzionare il vostro impegno a tutela del patrimonio culturale.<\/p>\n<p>Mi piace ricordare che i Carabinieri furono i primi a dotarsi di un Comando per la Tutela del Patrimonio Culturale, anticipando le Risoluzioni UNESCO in materia.<\/p>\n<p>La nostra sfida comune, come diplomatici e carabinieri, \u00e8 mettere la cultura al servizio della pace e della sicurezza. Perch\u00e9 dove passa la cultura non passano gli eserciti. La cultura sconfigge fanatismi ed estremismi che alimentano il terrorismo.<\/p>\n<p>Penso al tentativo di Daesh, in Siria e in Iraq, di distruggere alcune fra le pi\u00f9 stupefacenti opere dell\u2019umanit\u00e0, che fanno parte dell\u2019identit\u00e0 culturale di quei popoli, e di tutta l\u2019umanit\u00e0. Sono fatti orribili, ma la cultura \u00e8 molto pi\u00f9 forte delle bombe.<\/p>\n<p>L\u2019Italia \u00e8 gi\u00e0 in prima linea per la protezione del patrimonio culturale nelle aree di crisi.<\/p>\n<p>Abbiamo portato il tema della cultura nel Consiglio di Sicurezza: promuovendo la Risoluzione 2347, la prima risoluzione del Consiglio sulla protezione del patrimonio culturale nelle aree di conflitto.<\/p>\n<p>Quale primo contributore di Caschi Blu tra i Paesi occidentali, crediamo che il Consiglio di Sicurezza debba dedicare maggiore attenzione alle minacce al patrimonio culturale e al loro impatto sulla sicurezza globale.<\/p>\n<p>Nelle stesse attivit\u00e0 di addestramento di forze internazionali e regionali, dovrebbe essere dedicato maggiore spazio alla tutela del patrimonio culturale.<\/p>\n<p>E\u2019 uno sforzo che l\u2019Italia conduce con il prezioso contributo dei Carabinieri, soprattutto nell\u2019ambito dell\u2019UNESCO e della sua campagna Unite4Heritage. Abbiamo messo a disposizione dell\u2019organizzazione una task force per fronteggiare le minacce al patrimonio culturale.<\/p>\n<p>L\u2019Italia si \u00e8 fatta promotrice di molte iniziative per il contrasto al traffico illecito di beni culturali che costituiscono una fonte di finanziamento per terroristi, specialmente nel quadro della Coalizione anti-Daesh e del gruppo di lavoro per contrastarne il finanziamento.<\/p>\n<p>Sempre su iniziativa italiana, la Dichiarazione finale del primo G7 della cultura riafferma con grande determinazione l\u2019impegno: per la protezione del patrimonio culturale a rischio; per la lotta contro il traffico illecito; e il contributo fondamentale delle cultura al dialogo e alla cooperazione.<\/p>\n<p>Sono sempre pi\u00f9 convinto che la legalit\u00e0 ambientale \u00e8 la nostra nuova frontiera.<\/p>\n<p>La dignit\u00e0 e la civilt\u00e0 di un Paese si misura nella capacit\u00e0 di tutela del territorio. Da Ministro degli Esteri mi rendo conto che nel rispetto dell\u2019ambiente \u00e8 in gioco la nostra reputazione e credibilit\u00e0 a livello mondiale.\u00a0<\/p>\n<p>Oggi, l\u2019assorbimento del Corpo Forestale nell\u2019Arma dei Carabinieri, ci consente di costruire una squadra ancora pi\u00f9 forte e unita a tutela dell\u2019ambiente, in Italia e all\u2019estero.<\/p>\n<p>So che di recentemente avete organizzato la Seconda Conferenza Internazionale sull\u2019Ambiente dell\u2019Arma dei Carabinieri.<\/p>\n<p>Sono contento che in tale contesto si \u00e8 aperta una nuova prospettiva, con la collaborazione tra l\u2019Arma dei Carabinieri e la FAO, per attivit\u00e0 di protezione forestale-ambientale ed iniziative di lotta al cambiamento climatico. Una collaborazione sostenuta con convinzione dalla diplomazia e sono felice che presto verr\u00e0 firmata l\u2019intesa.<\/p>\n<p>Voglio anche ricordare che qualche settimana fa ho dato il mio convinto \u201cnulla osta\u201d per l\u2019intesa tra l\u2019Arma dei Carabinieri e l\u2019Ufficio Europeo Anti-Frode (OLAF). Un\u2019intesa quadro in un settore cruciale, che disciplina anche le attivit\u00e0 di cooperazione sulle tematiche di natura agro-ambientale.<\/p>\n<p>Tutto questo interessa alla Farnesina perch\u00e9 la tutela dell\u2019ambiente \u00e8 inseparabile dalla politica estera e riguarda la nostra sicurezza. Nel Ministero abbiamo istituito le figure di Coordinatori per i temi della sostenibilit\u00e0, dell\u2019ambiente e del clima. E assieme al Ministero dell\u2019Ambiente coordiniamo poi il processo di definizione della Strategia Nazionale per lo Sviluppo Sostenibile che verr\u00e0 presentata all\u2019ONU a luglio.<\/p>\n<p>L\u2019esperienza ci insegna che la disattenzione all\u2019ambiente e al clima \u00e8 un moltiplicatore dell\u2019instabilit\u00e0. Quasi come un attacco armato, eventi climatici possono stroncare vite, interrompere servizi essenziali, e generare disordine pubblico.<\/p>\n<p>Vi faccio quindi un forte incoraggiamento a proseguire la via della cooperazione internazionale in campo ambientale, ricordandovi che troverete sempre la Farnesina pronta a sostenervi, perch\u00e9 la tutela dell\u2019ambiente \u00e8 parte integrate della politica estera e della nostra sicurezza.<\/p>\n<p>Concludo con un fortissimo ringraziamento all\u2019Arma dei Carabinieri, alle donne e agli uomini che ogni giorno \u201cdifendono la diplomazia\u201d.<\/p>\n<p>Mi riferisco al grande servizio di sicurezza che ci offrite presso la Farnesina, presso 128 Rappresentanze diplomatiche e consolari all\u2019estero, in 14 sedi particolarmente a rischio, e in situazioni di emergenza e di crisi, dove i Carabinieri svolgono anche attivit\u00e0 di \u00a0protezione e di scorta.\u00a0<\/p>\n<p>I Carabinieri in servizio all\u2019estero sono la garanzia della nostra sicurezza, in un momento in cui le nostre sedi sono esposte a rischi e minacce imprevedibili. Ma sono anche convinto che il servizio all\u2019estero possa essere un momento molto importante e gratificante di crescita professionale e di formazione.\u00a0 Ci si mette in gioco in un ambiente straniero, utilizzando le proprie capacit\u00e0 di dialogo e sviluppando quelle sensibilit\u00e0 culturali che sono essenziali nelle missioni internazionali.<\/p>\n<p>E poi incontrare un Carabiniere sulla soglia d\u2019ingresso di un\u2019Ambasciata o di un Consolato non ci fa soltanto sentire protetti, ma ci fa sentire a casa ovunque nel mondo. Grazie di cuore.<\/p>\n","protected":false},"excerpt":{"rendered":"(fa fede solo il testo effettivamente pronunciato) \u00a0 Ministro Pinotti, Generale Del Sette, Generale Graziano, Generale Vecciarelli, Ammiraglio Girardelli, Ambasciatore Belloni, Ambasciatori ed ospiti stranieri, Cari Carabinieri, E\u2019 per me un grandissimo onore accogliervi qui oggi, per celebrare l\u2019eccellente collaborazione fra la diplomazia e l\u2019Arma dei Carabinieri, per rafforzare la sicurezza dei cittadini e per [&hellip;]","protected":false},"author":1,"featured_media":0,"comment_status":"","ping_status":"","sticky":false,"template":"","format":"standard","meta":{"footnotes":""},"categories":[22],"tags":[76],"class_list":["post-22194","post","type-post","status-publish","format-standard","hentry","category-interventi","tag-ministri-precedenti"],"_links":{"self":[{"href":"https:\/\/www.esteri.it\/it\/wp-json\/wp\/v2\/posts\/22194","targetHints":{"allow":["GET"]}}],"collection":[{"href":"https:\/\/www.esteri.it\/it\/wp-json\/wp\/v2\/posts"}],"about":[{"href":"https:\/\/www.esteri.it\/it\/wp-json\/wp\/v2\/types\/post"}],"author":[{"embeddable":true,"href":"https:\/\/www.esteri.it\/it\/wp-json\/wp\/v2\/users\/1"}],"replies":[{"embeddable":true,"href":"https:\/\/www.esteri.it\/it\/wp-json\/wp\/v2\/comments?post=22194"}],"version-history":[{"count":0,"href":"https:\/\/www.esteri.it\/it\/wp-json\/wp\/v2\/posts\/22194\/revisions"}],"wp:attachment":[{"href":"https:\/\/www.esteri.it\/it\/wp-json\/wp\/v2\/media?parent=22194"}],"wp:term":[{"taxonomy":"category","embeddable":true,"href":"https:\/\/www.esteri.it\/it\/wp-json\/wp\/v2\/categories?post=22194"},{"taxonomy":"post_tag","embeddable":true,"href":"https:\/\/www.esteri.it\/it\/wp-json\/wp\/v2\/tags?post=22194"}],"curies":[{"name":"wp","href":"https:\/\/api.w.org\/{rel}","templated":true}]}}