{"id":22203,"date":"2017-06-05T15:06:42","date_gmt":"2017-06-05T13:06:42","guid":{"rendered":"https:\/\/www.esteri.it\/sala_stampa\/archivionotizie\/comunicati\/2017\/06\/discorso-dell-on-ministro-per-l\/"},"modified":"2017-06-05T15:06:42","modified_gmt":"2017-06-05T13:06:42","slug":"discorso-dell-on-ministro-per-l","status":"publish","type":"post","link":"https:\/\/www.esteri.it\/it\/sala_stampa\/archivionotizie\/interventi\/2017\/06\/discorso-dell-on-ministro-per-l\/","title":{"rendered":"Discorso dell\u2019On. Ministro per l\u2019incontro con i produttori di Prosecco &#8211; iniziativa \u201cLa Farnesina incontra le imprese\u201d"},"content":{"rendered":"<p align=\"center\" style=\"text-align: left;\">Follina, 2 maggio 2017<\/p>\n<p align=\"center\" style=\"text-align: left;\"><em>(fa fede solo il testo pronunciato)<\/em><\/p>\n<p align=\"center\" style=\"text-align: left;\">\u00a0<\/p>\n<p>Sindaco Collet <i>(Sindaco di Follina),<\/i><\/p>\n<p>Presidente Nardi <i>(Presidente del Consorzio Tutela Conegliano Valdobbiadene),<\/i><\/p>\n<p>Presidente Serena <i>(Presidente del Consorzio Asolo Prosecco Superiore Docg),<\/i><\/p>\n<p>Presidente Zanette <i>(Presidente del Consorzio Prosecco Doc), <\/i><\/p>\n<p>Cari produttori,<\/p>\n<p>Sono molto felice di essere qui con voi oggi. La mia visita fa parte di un programma che mi sta portando in tutta l\u2019Italia, dal Nord al Sud, che abbiamo chiamato \u201cLa Farnesina incontra le Imprese\u201d.<\/p>\n<p>Questa mattina sono stato a Padova e Treviso, dove ho incontrato molti imprenditori veneti che &#8211; come voi &#8211; fanno crescere l\u2019Italia e ci rappresentano in tutto il mondo.<\/p>\n<p>Il prosecco di Conegliano-Valdobbiadene \u00e8 uno dei simboli della capacit\u00e0 di fare impresa dei veneti, ma anche una storia italiana di successo nel mondo.<\/p>\n<p>Nel 2016, grazie ad una sorprendente crescita del fatturato e dell\u2019export, il distretto di Conegliano-Valdobbiadene \u00e8 risultato il primo tra i 149 distretti industriali d\u2019Italia.<\/p>\n<p>Dietro questi risultati c\u2019\u00e8 la vostra capacit\u00e0 di coniugare tradizione e innovazione, promozione del territorio e proiezione sui mercati globali.<\/p>\n<p>I numeri del Prosecco sono strabilianti: una produzione di oltre 500 milioni di bottiglie, pi\u00f9 di 2,5 miliardi di giro d\u2019affari, 13.500 produttori, 1.380 cantine vinificatrici e 300 imbottigliatori.<\/p>\n<p>Questi ottimi risultati non devono per\u00f2 farci perdere di vista le sfide che le vostre aziende devono affrontare ogni giorno per rimanere competitive sui mercati globali.<\/p>\n<p>Una delle mie priorit\u00e0 di diplomazia economica \u00e8 la tutela de \u201cbrand Italiano\u201d. C\u2019\u00e8 l\u2019impegno a difendere le nostre indicazioni geografiche; c\u2019\u00e8 il contrasto al fenomeno dell\u2019Italian sounding e alle politiche dei \u201csemafori alimentari\u201d; c\u2019\u00e8 l\u2019azione per tutelare la propriet\u00e0 intellettuale e industriale.<\/p>\n<p>Pi\u00f9 in generale, c\u2019\u00e8 il contributo della diplomazia economica contro i protezionismi, pi\u00f9 o meno mascherati, e ad abbattere pretestuose barriere non tariffarie nei confronti dei nostri prodotti, prendendo posizione negli accordi di libero scambio.<\/p>\n<p>Ho a cuore il ruolo dell\u2019Italia nel mondo e per questo credo nell\u2019apertura dei mercati. Perch\u00e9 per un Paese esportatore come il nostro il protezionismo non \u00e8 mai la risposta giusta.\u00a0 L\u2019Italia conta sul commercio internazionale per la crescita.<\/p>\n<p>A prescindere dalla retorica, gli interessi in gioco sono alti. E anche voi imprenditori dovete compiere uno sforzo aggiuntivo per difendere il libero commercio.<\/p>\n<p>Oggi sono qui con un duplice obiettivo: voglio\u00a0 ascoltare e capire i bisogni degli imprenditori; e desidero aiutarvi ad utilizzare il pieno potenziale della rete della Farnesina nel mondo.<\/p>\n<p>La diplomazia economica \u00e8 una priorit\u00e0 strategica del mio mandato alla Farnesina. La domanda di servizi da parte delle imprese per internazionalizzarsi \u00e8 crescente. E la politica estera deve essere uno strumento a loro sostegno per accompagnare la crescita economica.<\/p>\n<p>Oggi la Farnesina fa molto di pi\u00f9 per le imprese di quello che si rappresenta nell\u2019immaginario collettivo. Ma visto che non tutti gli imprenditori hanno la piena consapevolezza di quello che la diplomazia pu\u00f2 fare per loro, ho deciso di essere io a recarmi da loro.<\/p>\n<p>Finora sono stato a Milano, Torino, Udine, Pescara, ma il mio percorso \u00e8 incominciato il 31 gennaio a Confindustria, dove abbiamo presentato uno studio indipendente di Prometeia sull\u2019impatto della diplomazia economica.<\/p>\n<p>Si stima che le gare ed i contratti aggiudicati ad aziende italiane che hanno ricevuto il sostegno della rete diplomatico-consolare hanno prodotto oltre l\u20191% del PIL e 234mila posti di lavoro.<\/p>\n<p>Lo studio ha confermato che la Farnesina e la sua rete di oltre 200 Ambasciate e Consolati in 126 Paesi assistono soprattutto le piccole e medie imprese: sono il 61% le PMI che hanno firmato un contratto o vinto una gara grazie al nostro sostegno.<\/p>\n<p>Ma si pu\u00f2 e si deve fare di pi\u00f9! Alcuni guardano agli scenari geopolitici e all\u2019imprevedibilit\u00e0 che li caratterizza come una minaccia. Invece bisogna coglierne anche le opportunit\u00e0!<\/p>\n<p>Le opportunit\u00e0 per le imprese sono enormi: nel 2016 i mercati esteri hanno generato per l\u2019Italia 417 miliardi di euro di esportazioni ed un surplus della bilancia commerciale di 52 miliardi.<\/p>\n<p>Il Governo \u00e8 pienamente consapevole della necessit\u00e0 di sostenere con forza l\u2019internazionalizzazione delle nostre aziende. Per tale motivo, \u00e8 stato adottato un Piano straordinario per la promozione del Made in Italy con una allocazione di 380 milioni di euro per il triennio 2015-2017.<\/p>\n<p>Ricordo, pi\u00f9 in dettaglio, che sono stati stanziati 13 milioni, nell\u2019ambito del Piano, per realizzare campagne contro l\u2019Italian sounding, che interessa anche il Prosecco.<\/p>\n<p>Sul fronte della promozione, il Prosecco era sulle \u201ctavole del mondo\u201d in occasione della prima \u201cSettimana della cucina italiana nel mondo\u201d nel 2016. Grazie agli oltre 1300 eventi organizzati dalla nostra rete diplomatico-consolare, ben 105 Paesi hanno potuto conoscere le nostre eccellenze nel settore agroalimentare.<\/p>\n<p>Nel 2016 \u00e8 stato poi istituito un apposito Tavolo Vini USA, volto a potenziare ulteriormente le nostre esportazioni di vino &#8211;\u00a0 incluso il Prosecco &#8211; negli USA che \u00e8 un mercato di assoluta priorit\u00e0.<\/p>\n<p>Non manca l\u2019attenzione verso i mercati pi\u00f9 lontani e complessi ma ad elevato potenziale. Penso alla Cina, un mercato estremamente interessante \u00a0in cui spesso i prodotti italiani faticano ad affermarsi. In questi casi il lavoro della nostra rete diplomatico-consolare pu\u00f2 essere determinante. Ne \u00e8 un esempio il recente accordo firmato dall\u2019Unione Italiana Vini e dal colosso Alibaba, con il sostegno della nostra Ambasciata a Pechino, per rendere pi\u00f9 facile ed immediata la distribuzione dei vini italiani in Cina.<\/p>\n<p>La Farnesina vi sostiene anche nel percorso di candidatura alla lista UNESCO del patrimonio mondiale. Sappiamo che avete intrapreso un serio percorso di preparazione della candidatura e apprezziamo enormemente gli sforzi congiunti portati avanti da istituzioni locali,\u00a0 Prefettura, produttori e consumatori. \u00a0<\/p>\n<p>Oltre a questo, sempre per rispondere alla domanda: in che modo la Farnesina e la rete diplomatico-consolare possono assistervi sui mercati esteri?<\/p>\n<p>Vi ricordo che le nostre porte sono \u201cspalancate\u201d per tutti i vostri principali rapporti con l\u2019estero: per l\u2019attrazione degli investimenti; per la realizzazione degli investimenti; per la penetrazione ed espansione dell\u2019export; per la conquista di nuovi mercati; per la partecipazione a gare; e poi anche in caso di contenziosi, ostacoli normativi e amministrativi.<\/p>\n<p>La diplomazia economica gestisce e mette a disposizione delle aziende un patrimonio fatto di informazioni, contatti e relazioni. Market intelligence e sostegno istituzionale sono i capisaldi della nostra azione. Perch\u00e9 le nostre Ambasciate e Consolati sono interlocutori privilegiati delle istituzioni locali e degli ambienti politici, economici e della societ\u00e0 civile dove operano. E perch\u00e9 nelle nostre Ambasciate e Consolati si formula una visione complessiva degli interessi italiani.\u00a0<\/p>\n<p>Questa visione complessiva degli interessi italiani nel mondo ci ha spinto ad elaborare una strategia di promozione integrata del \u201cMarchio Italia\u201d: che fonde la dimensione commerciale con la promozione della lingua e della cultura, della scienza e dell\u2019innovazione, e dell\u2019unicit\u00e0 dei nostri territori.<\/p>\n<p>E\u2019 un marchio fatto di bellezza, creativit\u00e0 e capacit\u00e0 tecnologica, che abbiamo tradotto nel programma integrato \u201cVivere all\u2019italiana\u201d, promosso da ogni componente della nostra rete.<\/p>\n<p>Non smetter\u00f2 mai di ripetere nel mondo che oltre ad essere il secondo Paese manifatturiero d\u2019Europa siamo anche una superpotenza dello stile di vita, della cultura, e della bellezza. E dobbiamo far valere questo nostro primato anche per rilanciare l\u2019economia.<\/p>\n<p align=\"center\" style=\"text-align: left;\">Ma il messaggio pi\u00f9 importante che vi vorrei lasciare oggi \u00e8 che le Ambasciate e i Consolati sono la vostra \u201ccasa\u201d all\u2019estero.<\/p>\n","protected":false},"excerpt":{"rendered":"Follina, 2 maggio 2017 (fa fede solo il testo pronunciato) \u00a0 Sindaco Collet (Sindaco di Follina), Presidente Nardi (Presidente del Consorzio Tutela Conegliano Valdobbiadene), Presidente Serena (Presidente del Consorzio Asolo Prosecco Superiore Docg), Presidente Zanette (Presidente del Consorzio Prosecco Doc), Cari produttori, Sono molto felice di essere qui con voi oggi. La mia visita fa [&hellip;]","protected":false},"author":1,"featured_media":0,"comment_status":"","ping_status":"","sticky":false,"template":"","format":"standard","meta":{"footnotes":""},"categories":[22],"tags":[76],"class_list":["post-22203","post","type-post","status-publish","format-standard","hentry","category-interventi","tag-ministri-precedenti"],"_links":{"self":[{"href":"https:\/\/www.esteri.it\/it\/wp-json\/wp\/v2\/posts\/22203","targetHints":{"allow":["GET"]}}],"collection":[{"href":"https:\/\/www.esteri.it\/it\/wp-json\/wp\/v2\/posts"}],"about":[{"href":"https:\/\/www.esteri.it\/it\/wp-json\/wp\/v2\/types\/post"}],"author":[{"embeddable":true,"href":"https:\/\/www.esteri.it\/it\/wp-json\/wp\/v2\/users\/1"}],"replies":[{"embeddable":true,"href":"https:\/\/www.esteri.it\/it\/wp-json\/wp\/v2\/comments?post=22203"}],"version-history":[{"count":0,"href":"https:\/\/www.esteri.it\/it\/wp-json\/wp\/v2\/posts\/22203\/revisions"}],"wp:attachment":[{"href":"https:\/\/www.esteri.it\/it\/wp-json\/wp\/v2\/media?parent=22203"}],"wp:term":[{"taxonomy":"category","embeddable":true,"href":"https:\/\/www.esteri.it\/it\/wp-json\/wp\/v2\/categories?post=22203"},{"taxonomy":"post_tag","embeddable":true,"href":"https:\/\/www.esteri.it\/it\/wp-json\/wp\/v2\/tags?post=22203"}],"curies":[{"name":"wp","href":"https:\/\/api.w.org\/{rel}","templated":true}]}}