{"id":22244,"date":"2017-02-06T13:17:51","date_gmt":"2017-02-06T12:17:51","guid":{"rendered":"https:\/\/www.esteri.it\/sala_stampa\/archivionotizie\/comunicati\/2017\/02\/intervento-dell-on-ministro-all\/"},"modified":"2017-02-06T13:17:51","modified_gmt":"2017-02-06T12:17:51","slug":"intervento-dell-on-ministro-all","status":"publish","type":"post","link":"https:\/\/www.esteri.it\/it\/sala_stampa\/archivionotizie\/interventi\/2017\/02\/intervento-dell-on-ministro-all\/","title":{"rendered":"Intervento dell\u2019On. Ministro all\u2019evento di Confindustria \u201cQuanto vale la diplomazia economica italiana: l\u2019impatto economico del sostegno della Farnesina alle imprese italiane\u201d \u2013 Roma, 31 gennaio 2017"},"content":{"rendered":"<p align=\"center\">\u00a0<\/p>\n<p align=\"center\" style=\"text-align: left;\">Marted\u00ec, 31 gennaio 2017, ore 10.30<\/p>\n<p align=\"center\" style=\"text-align: left;\">Roma, Confindustria<\/p>\n<p align=\"center\" style=\"text-align: left;\">\u00a0<\/p>\n<p><em>(fa fede solo il testo effettivamente pronunciato)<\/em><\/p>\n<p align=\"center\" style=\"text-align: left;\">\u00a0<\/p>\n<p>Signore e Signori,<\/p>\n<p>Vorrei ringraziare di cuore il Presidente Boccia e tutti gli amici di Confindustria per la calorosa ospitalit\u00e0.<\/p>\n<p>Come sapete, sono appena rientrato a Roma da una importantissima missione negli Emirati.<\/p>\n<p>La diplomazia economica ha ispirato tutti i miei colloqui e la prima sessione del dialogo strategico fra l\u2019Italia e gli Emirati.<\/p>\n<p>La diplomazia economica \u00e8 una priorit\u00e0 strategica del mio mandato alla Farnesina. L\u2019ho sottolineato in Parlamento in occasione della mia audizione programmatica sulla politica estera.<\/p>\n<p>La domanda di servizi da parte delle imprese \u00e8 crescente. E la politica estera deve essere uno strumento a loro sostegno per accompagnare la crescita economica.<\/p>\n<p>La Farnesina fa molto di pi\u00f9 per le imprese di quello che si rappresenta nell\u2019immaginario collettivo.<\/p>\n<p>Lo conferma l\u2019analisi indipendente di Prometeia che presentiamo oggi.<\/p>\n<p>\u00a0<\/p>\n<p>L\u2019incontro di oggi \u00e8 per me importantissimo. Perch\u00e9 lo Studio di Prometeia \u201ctrasforma in numeri le virt\u00f9 della diplomazia economica italiana\u201d e il grande valore aggiunto della strettissima collaborazione tra il Ministero degli Esteri e il Sistema industriale italiano.<\/p>\n<p>L\u2019effetto positivo della nostra azione complessiva \u00e8 oggi documentato attraverso un\u2019analisi rigorosa e molto dettagliata.<\/p>\n<p>\u00a0<\/p>\n<p>Un effetto positivo che mi permetterei di battezzare come: \u201cl\u2019effetto Farnesina per la crescita\u201d.<\/p>\n<p>L\u2019effetto Farnesina ha prodotto oltre l\u20191% del PIL e 234mila posti di lavoro, circa l\u20191% degli occupati.<\/p>\n<p>In termini finanziari si tratta di 16,4 miliardi di euro e un gettito fiscale di 6,7 miliardi, per progetti d\u2019impresa che hanno avuto un sostegno concreto da parte della rete di Ambasciate e Consolati.<\/p>\n<p>Non dobbiamo certo fermarci all\u20191%. Si pu\u00f2 e si deve fare di pi\u00f9. Ma non dimentichiamo che in anni difficili questo valore fa la differenza tra la crescita e la stagnazione.<\/p>\n<p>Lo dico qui con grande sincerit\u00e0: \u00e8 un motivo di profondo orgoglio contribuire al successo di tante imprese italiane nel mondo.<\/p>\n<p>Tanto di pi\u00f9 se facciamo una piccola analisi di costi-benefici, che sicuramente il contribuente apprezzer\u00e0.<\/p>\n<p>Considerate che il bilancio effettivo della Farnesina (al netto delle risorse per la cooperazione allo sviluppo e dei contributi ad organismi internazionali) nell\u2019anno 2015 di riferimento dello studio \u00e8 stato pari allo 0,11% del bilancio dello Stato. Circa lo 0,05% del PIL.<\/p>\n<p>\u00a0<\/p>\n<p>Una spesa dello 0,05% ha avuto un ritorno dell\u20191% del PIL.<\/p>\n<p>\u00a0<\/p>\n<p>La Farnesina \u00e8 un \u201cmoltiplicatore\u201d pari a 20.<\/p>\n<p>Significa che: \u201c1 euro del contribuente alla Farnesina ha generato 20 euro di crescita all\u2019Italia, naturalmente in squadra con le imprese italiane\u201d. <i>*pausa*<\/i><\/p>\n<p>Vorrei sottolineare alcuni aspetti dello Studio di Prometeia che mi hanno particolarmente colpito.<\/p>\n<p>Il primo punto \u00e8 che del valore complessivo dei progetti aggiudicati ad imprese italiane &#8211; 52 miliardi di euro &#8211;\u00a0 circa la met\u00e0 &#8211; 26 miliardi di euro &#8211; \u00a0torna direttamente in Italia.<\/p>\n<p>\u00a0<\/p>\n<p>Il secondo punto \u00e8 quello che sfata il mito di una diplomazia economica che aiuta soltanto le grandi aziende: il 61% delle imprese che hanno beneficiato di un sostegno sono Piccole e Medie Imprese.<\/p>\n<p>\u00a0<\/p>\n<p>E\u2019 vero che in termini di valore le grandi imprese si aggiudicano una quota maggiore. Ma questo \u00e8 un fatto quasi fisiologico.<\/p>\n<p>Lo studio mette anche in risalto che l\u2019aggiudicazione di contratti e commesse produce una serie di effetti indiretti\u00a0 ed indotti lungo tutta la filiera dei rapporti di fornitura e sub-fornitura che coinvolgono in massima parte le PMI.<\/p>\n<p>\u00a0<\/p>\n<p>Sono dei bei dati, quelli che presentiamo oggi, ma resto sempre il primo a dire che \u201csi pu\u00f2 e si deve fare di pi\u00f9\u201d.<\/p>\n<p>E allora, visto che non tutti gli imprenditori hanno la piena consapevolezza di quello che la diplomazia pu\u00f2 fare per loro, ho deciso di essere io a recarmi da loro. Per dire alle imprese di usare di piu\u2019 la rete delle nostre ambasciate.<\/p>\n<p>Ho messo in programma missioni nei principali centri dell\u2019export italiano per mettere a disposizione gli \u201casset della Farnesina\u201d.<\/p>\n<p>Missioni in Lombardia, Puglia, Piemonte, Veneto, Toscana, Sicilia, Emilia Romagna, Friuli, Marche e Campania sono gi\u00e0 nella mia agenda.<\/p>\n<p>E\u2019 poi mia intenzione di organizzare prestissimo un importante evento a Milano per sostenere le prospettive del capoluogo lombardo di attrare banche, compagnie assicurative, fondi di investimento, imprese, Agenzie ed Organismi europei che inevitabilmente lasceranno Londra.<\/p>\n<p>Milano e\u2019 una citta\u2019 cosmopolita, aperta agli investimenti globali, una citta\u2019 che e\u2019 al servizio delle imprese, un centro finanziario che offre un business environment di gran lunga superiore alla media europea. Ecco, Milano ha tutte le carte in regola per vincere la sfida del post-Brexit, anche perche\u2019 puo\u2019 contare sul forte e determinato sostegno della Farnesina. Ci sono tutti i presupposti per lanciare un Piano che intendo chiamare \u201cVenite a Milano\u201d!<\/p>\n<p>Ma per vincere questa e altre sfide globali, occorre tenere il passo veloce degli eventi internazionali e dell\u2019economia globalizzata.<\/p>\n<p>\u00a0<\/p>\n<p>Per questo, ho voluto anch\u2019io per primo imprimere un\u2019accelerazione a questi tipi di incontri economici.<\/p>\n<p>\u00a0<\/p>\n<p>La politica estera in un tempo ormai dimenticato aveva infatti ritmi lenti. Oggi ha cambiato velocit\u00e0. Le nostre decisioni e le nostre risposte devono adeguarsi al ritmo del tempo e acquisire una velocit\u00e0 molto pi\u00f9 sostenuta.<\/p>\n<p>Questo vale soprattutto nella diplomazia economica e negli affari dove \u201cil tempo \u00e8 denaro\u201d.<\/p>\n<p>Un concetto chiave che cerco sempre di promuovere \u00e8 che l\u2019interesse nazionale va tutelato prendendo posizione con immediatezza.<\/p>\n<p>Oggi le scelte si rivelano vincenti o perdenti se siamo in grado di anticipare e comprendere per tempo le tendenze.<\/p>\n<p>Se siamo capaci di cogliere le aspettative del nostro Sistema industriale e di indirizzare le decisioni dei nostri interlocutori globali nei primissimi momenti.<\/p>\n<p>E\u2019 con questo spirito che intendo perseguire la diplomazia economica. La diplomazia economica deve anche difendere e promuovere l\u2019italianit\u00e0, aiutando le societ\u00e0 italiane a superare all\u2019estero quegli ostacoli &#8211; alcune volte legali, ma talvolta politici &#8211; che si frappongono nel percorso dell\u2019impresa.<\/p>\n<p>Il sistema economico italiano ha nell\u2019export un suo elemento vitale. E allora i rischi di derive protezionistiche rilanciano l\u2019importanza della diplomazia economica. La diplomazia italiana deve lavorare per assicurare alle nostre imprese la parit\u00e0 di trattamento. Non \u00e8 possibile che le imprese straniere trovino il terreno spianato in Italia, mentre i nostri imprenditori fatichino a penetrare lo stesso mercato straniero, scontrandosi con il muro di gomma della burocrazia o con i dinieghi della politica.<\/p>\n<p>Chiedo agli ambasciatori italiani di far valere ogni regola possibile per tutelare l\u2019italianita\u2019 delle imprese a condizione di reciprocita\u2019. Siamo per il commercio internazionale e non vogliamo discriminare nessuno, ma non accetteremo mai alcuna discriminazione ai nostri danni. \u00a0<\/p>\n<p>C\u2019e\u2019 un altro aspetto qualificante della diplomazia economica sul quale vorrei soffermarmi: mi riferisco alla diplomazia energetica. Per un sistema economico come quello italiano, altamente dipendente dalle importazioni di energia, e\u2019 cruciale mantenere relazioni stabili e sicure con i nostri principali fornitori energetici. Soprattutto con quei fornitori, e penso ad esempio alla Russia, che si sono rivelati per decenni fornitori affidabili, anche nei momenti piu\u2019 critici.<\/p>\n<p>Non dimentichiamo che fu al tempo dell\u2019Unione Sovietica che l\u2019Italia decise di costruire, con una scelta lungimirante, i gasdotti che tuttora collegano le nostre imprese e le nostre case ai giacimenti russi. E se quella scelta strategica fu compiuta nel momento del massimo scontro ideologico tra i due blocchi, io vi dico che intendo preservare e rilanciare questa produttiva interdipendenza.<\/p>\n<p>La diplomazia italiana deve tener conto dell\u2019esigenza primaria di tutelare la sicurezza energetica del nostro Paese, promuovendo rapporti stabili e maturi con i nostri principali fornitori. Ancora una volta, anche nel settore dell\u2019energia, mercati liberi, aperti e competitivi sono essenziali per le nostre imprese e la nostra sicurezza energetica. Ma occorre\u00a0 non perdere di vista l\u2019aspetto geopolitico della stabilita\u2019 delle relazioni con i Paesi fornitori. Un elemento di cui la nostra diplomazia ha piena consapevolezza. Credo allora che sia nell\u2019interesse nazionale sviluppare un dialogo intenso tra Confindustria e Farnesina su questo tema cruciale.<\/p>\n<p>L\u2019ho gi\u00e0 detto con altre parole, ma lo ripeto per chiarezza: la positiva interazione tra diplomazia e imprese nel mondo globale \u00e8 un obiettivo cruciale di questo Governo per favorire la crescita, la competitivit\u00e0 e l\u2019occupazione.<\/p>\n<p>\u00a0<\/p>\n<p>Il lavoro in comune con Confindustria si \u00e8 intensificato con la Cabina di Regia per l\u2019Internazionalizzazione, che ha promosso il Piano per la promozione straordinaria del Made in Italy e l\u2019attrazione degli investimenti.<\/p>\n<p>E\u2019 un lavoro di squadra prezioso, con tantissimi altri attori,\u00a0 perch\u00e9 nel mondo globalizzato vince solo chi ha alle spalle un Sistema Paese coeso ed efficiente.<\/p>\n<p>\u00a0<\/p>\n<p>Non singole realt\u00e0, pi\u00f9 o meno capaci, ma un insieme di soggetti che collaborano nell\u2019elaborazione e attuazione di strategie unitarie per lo sviluppo nazionale.<\/p>\n<p>Sono convinto che il nostro \u201cPiano comune\u201d abbia segnato un cambio di passo radicale nella diplomazia economica.<\/p>\n<p>Sono gi\u00e0 state messe in circolo molte risorse e nel 2017 mobiliteremo altri 200 milioni di euro in attivit\u00e0 promozionali all\u2019estero.<\/p>\n<p>Non dimentichiamoci poi che siamo una superpotenza della cultura, della scienza e della bellezza. Dobbiamo far valere questo nostro primato anche per rilanciare l\u2019economia.<\/p>\n<p>\u00a0<\/p>\n<p>Ieri negli Emirati ho annunciato che apriremo presto un Istituto Italiano di Cultura ad Abu Dhabi. Ho ricordato che dobbiamo mettere la cultura al servizio delle aziende italiane. Le imprese sono eccellenze della nostra industria creativa e parte integrante dell\u2019immagine dell\u2019Italia all\u2019estero. E allora cerchiamo di lavorare sempre di piu\u2019 insieme.<\/p>\n<p><i>\u00a0<\/i><\/p>\n<p>Per parte mia, vorrei assicurare alle imprese &#8211; anche alla presenza del nostro Direttore Generale per la Promozione del Sistema Paese, Vincenzo De Luca &#8211; che le porte della Farnesina non sono solo aperte, ma sono \u201cspalancate alle imprese\u201d.<\/p>\n<p>\u00a0<\/p>\n<p>A voi spetta il compito di varcarle!<\/p>\n<p>\u00a0<\/p>\n<p>Grazie mille. \u00a0<i><\/i><\/p>\n","protected":false},"excerpt":{"rendered":"\u00a0 Marted\u00ec, 31 gennaio 2017, ore 10.30 Roma, Confindustria \u00a0 (fa fede solo il testo effettivamente pronunciato) \u00a0 Signore e Signori, Vorrei ringraziare di cuore il Presidente Boccia e tutti gli amici di Confindustria per la calorosa ospitalit\u00e0. Come sapete, sono appena rientrato a Roma da una importantissima missione negli Emirati. La diplomazia economica ha [&hellip;]","protected":false},"author":1,"featured_media":0,"comment_status":"","ping_status":"","sticky":false,"template":"","format":"standard","meta":{"footnotes":""},"categories":[22],"tags":[76],"class_list":["post-22244","post","type-post","status-publish","format-standard","hentry","category-interventi","tag-ministri-precedenti"],"_links":{"self":[{"href":"https:\/\/www.esteri.it\/it\/wp-json\/wp\/v2\/posts\/22244","targetHints":{"allow":["GET"]}}],"collection":[{"href":"https:\/\/www.esteri.it\/it\/wp-json\/wp\/v2\/posts"}],"about":[{"href":"https:\/\/www.esteri.it\/it\/wp-json\/wp\/v2\/types\/post"}],"author":[{"embeddable":true,"href":"https:\/\/www.esteri.it\/it\/wp-json\/wp\/v2\/users\/1"}],"replies":[{"embeddable":true,"href":"https:\/\/www.esteri.it\/it\/wp-json\/wp\/v2\/comments?post=22244"}],"version-history":[{"count":0,"href":"https:\/\/www.esteri.it\/it\/wp-json\/wp\/v2\/posts\/22244\/revisions"}],"wp:attachment":[{"href":"https:\/\/www.esteri.it\/it\/wp-json\/wp\/v2\/media?parent=22244"}],"wp:term":[{"taxonomy":"category","embeddable":true,"href":"https:\/\/www.esteri.it\/it\/wp-json\/wp\/v2\/categories?post=22244"},{"taxonomy":"post_tag","embeddable":true,"href":"https:\/\/www.esteri.it\/it\/wp-json\/wp\/v2\/tags?post=22244"}],"curies":[{"name":"wp","href":"https:\/\/api.w.org\/{rel}","templated":true}]}}