{"id":22377,"date":"2014-02-03T09:47:05","date_gmt":"2014-02-03T08:47:05","guid":{"rendered":"https:\/\/www.esteri.it\/sala_stampa\/archivionotizie\/comunicati\/2014\/02\/20140203_bonino_turchia\/"},"modified":"2014-02-03T09:47:05","modified_gmt":"2014-02-03T08:47:05","slug":"20140203_bonino_turchia","status":"publish","type":"post","link":"https:\/\/www.esteri.it\/it\/sala_stampa\/archivionotizie\/interventi\/2014\/02\/20140203_bonino_turchia\/","title":{"rendered":"Intervento della Ministro Bonino all&#8217;evento &#8220;Matching Italia-Turchia&#8221;"},"content":{"rendered":"<p><P>(fa fede solo il testo effettivamente pronunciato)<\/P><br \/>\n<P>Caro Presidente G\u00fcl, Ministri, Imprenditori italiani e turchi, sono molto contenta di essere qui con voi stamattina. Permettetemi innanzitutto di ringraziare Network Globale e TOBB per la felice organizzazione di questa iniziativa e per avermi invitato a partecipare.<\/P><br \/>\n<P>Presidente G\u00fcl, vorrei in questa occasione ricordare a tutti la solidit\u00e0 che contraddistingue i rapporti tra i nostri Paesi, rapporti che continuano a svilupparsi in modo proficuo e sempre pi\u00f9 profondo grazie al costante avvio di nuove forme di collaborazione.<\/P><br \/>\n<P>Sono profondamente convinta che il ruolo centrale che i nostri Paesi giocano nell\u2019area del Mediterraneo debba costituire uno stimolo per rafforzare ulteriormente la nostra comune azione a tutela della stabilit\u00e0 regionale. I fronti in cui siamo fianco a fianco sono numerosi e in ogni occasione la solidit\u00e0 del nostro partenariato non viene mai meno. Anche per questo l\u2019Italia continua a incoraggiare e a sostenere la prospettiva di adesione della Turchia all\u2019Unione europea, nella consapevolezza che essa rappresenta un fattore di arricchimento del progetto europeo nel suo complesso. Come prossimo Presidente di turno dell\u2019Unione Europea, sar\u00e0 per l\u2019Italia un punto fermo il pieno rilancio dei rapporti tra Turchia e Unione Europea, sul quale mi impegner\u00f2 decisamente in prima persona. <\/P><br \/>\n<P>Come hanno detto prima di me e come verr\u00e0 ripetuto in pi\u00f9 occasioni oggi, nel bacino del Mediterraneo la Turchia \u00e8 il pi\u00f9 importante partner economico extra UE dell\u2019Italia. Fin da quando ero Ministro del Commercio Estero, ho sempre avuto un occhio di riguardo per i nostri partner economici che si affacciano sul Mediterraneo e ho sostenuto che la Turchia rappresenta l\u2019esempio da seguire per tutti i Paesi che vogliono allacciare sempre maggiori legami commerciali con l\u2019Italia. <\/P><br \/>\n<P>Sono qui per inviarvi due messaggi: uno per lei, Presidente G\u00fcl, per gli esponenti del suo Governo e per i numerosi imprenditori turchi qui presenti. L\u2019Italia non solo vuole continuare ad essere il principale partner commerciale della Turchia nel Mediterraneo ed un punto di riferimento fondamentale nel settore della cooperazione energetica, ma ambisce a fare ancora di pi\u00f9. Gli investimenti delle imprese italiane nel vostro Paese sono numerosi, e oggi ascolteremo numerosi esempi in tal senso, ma vi \u00e8 spazio per un ulteriore passo in avanti che porter\u00e0 valore e lavoro nei nostri Paesi. <\/P><br \/>\n<P>Una condizione necessaria affinch\u00e9 questo si realizzi \u00e8 il mantenimento di un buon ambiente per gli affari, decisivo in particolare per garantire alle piccole e medie imprese italiane di muoversi verso la Turchia senza timori, ma con la consapevolezza di affidarsi ad un contesto normativo ed amministrativo certo e stabile. <\/P><br \/>\n<P>Gli ambiti di collaborazione tra i nostri due Paesi non si limitano naturalmente all\u2019aumento degli scambi commerciali o dei partenariati tra imprese. Altrettanto importanti sono gli investimenti produttivi che l\u2019Italia punta ad attrarre con decisione, anche dalla Turchia. <\/P><br \/>\n<P>In questo quadro s\u2019inserisce il piano Destinazione Italia, fortemente voluto dal governo Letta e che mira a rimuovere rapidamente gli ostacoli giuridici, legislativi e fiscali che fino ad ora hanno frenato l\u2019afflusso di capitali. Ho notato con piacere che al recente evento \u201cIBAC Italy 2014\u201d, tenutosi alla Farnesina ed al quale hanno partecipato i maggiori CEO d\u2019imprese globali, erano presenti anche diversi imprenditori turchi, a testimonianza del fatto che la presenza economica della Turchia in Italia \u00e8 in continua crescita. Sono convinta che questo trend \u00e8 destinato a rafforzarsi nei prossimi anni.<\/P><br \/>\n<P>Agli amici imprenditori turchi vorrei infine sottolineare l\u2019importanza di un evento che costituir\u00e0 una grande occasione per venire a fare business in Italia, l\u2019Esposizione Universale del 2015, alla quale la Turchia \u00e8 stato il quarto Paese ad aderire in ordine cronologico (sui 142 Stati partecipanti finora confermati), a testimonianza del forte interesse delle Autorit\u00e0 del vostro Paese per questo appuntamento, che abbiamo molto apprezzato. Cari amici, sono certa che per le imprese turche l\u2019Esposizione Universale aprir\u00e0 grandissime opportunit\u00e0, ed i nostri imprenditori sono pronti a collaborare con voi per coglierle insieme.<\/P><br \/>\n<P>Il secondo messaggio \u00e8 per le imprese italiane presenti: \u00e8 un piacere per me vedere qui riuniti oggi cos\u00ec tanti esponenti del mondo imprenditoriale italiano e turco. In questa sala vedo concretizzarsi quella che ormai da molti mesi considero una priorit\u00e0 assoluta, e che mi piace chiamare la \u201cDiplomazia della Crescita\u201d. <\/P><br \/>\n<P>Qui, oggi, vedo delle imprese che hanno capito che nel 2014 l\u2019internazionalizzazione non \u00e8 opportunit\u00e0 per pochi, ma una necessit\u00e0 per tutti. Cosa vuol dire questo? Che siamo entrati in una fase della globalizzazione che non \u00e8 pi\u00f9 trainata dall\u2019Occidente che compra a poco prezzo dalle economie emergenti. Ora gli scambi e i flussi finanziari sono \u201ctous azimuts\u201d, con crescenti opportunit\u00e0 per chi sa fare bene impresa. Questo significa che non possiamo pi\u00f9 permetterci di concentrarci solo sull\u2019industria e su pochi campioni nazionali, dotati spesso, tra l\u2019altro, di una certa capacit\u00e0 autonoma di arrivare (e stare) sui mercati internazionali. Dobbiamo internazionalizzare tutto il nostro tessuto produttivo, che ritengo in grado di vincere questa nuova sfida sui mercati globali. Quindi certamente la grande industria ma anche le piccole e medie imprese in tutti i settori, comprese quelle artigiane.<\/P><br \/>\n<P>Un altro aspetto che \u00e8 risultato evidente negli incontri con i CEO internazionali \u00e8 la necessit\u00e0 che le imprese italiane continuino a far fronte alla difficile congiuntura economica utilizzando la leva dell\u2019internazionalizzazione ed affrontando i mercati internazionali con determinazione, forti del grande patrimonio di \u201csaper fare\u201d &#8211; e lo dico con orgoglio &#8211; che contraddistingue gli imprenditori del nostro Paese. <\/P><br \/>\n<P>Voi che siete qui presenti oggi l\u2019avete capito. In Turchia, nostro partner naturale dove gi\u00e0 1100 imprese italiane operano con successo, esiste un grande potenziale di espansione per le nostre imprese. Non solo: imprese italiane e turche sono gi\u00e0 oggi partners in numerosi progetti in Paesi terzi, segno della forte complementariet\u00e0 tra le rispettive competenze e le stesse culture imprenditoriali. Sono sicura che questa tendenza potr\u00e0 svilupparsi ulteriormente, in particolare nei Paesi dell\u2019Asia Centrale e della Penisola Balcanica, aree nelle quali la presenza italiana e turca \u00e8 gi\u00e0 consolidata.<\/P><br \/>\n<P>Come avrete capito, sono davvero felice di essere con voi oggi e di prendere parte a questa concreta manifestazione della collaborazione fra le comunit\u00e0 imprenditoriali italiane e turche. Iniziative di questo tenore contribuiscono in maniera determinante a rafforzare sul terreno il partenariato italo-turco e testimoniano allo stesso tempo il sostegno da parte degli attori economici ad un ulteriore avvicinamento della Turchia all\u2019Unione Europea.<\/P><br \/>\n<P>Grazie a tutti!<\/P><\/p>\n","protected":false},"excerpt":{"rendered":"(fa fede solo il testo effettivamente pronunciato) Caro Presidente G\u00fcl, Ministri, Imprenditori italiani e turchi, sono molto contenta di essere qui con voi stamattina. Permettetemi innanzitutto di ringraziare Network Globale e TOBB per la felice organizzazione di questa iniziativa e per avermi invitato a partecipare. Presidente G\u00fcl, vorrei in questa occasione ricordare a tutti la [&hellip;]","protected":false},"author":1,"featured_media":0,"comment_status":"","ping_status":"","sticky":false,"template":"","format":"standard","meta":{"footnotes":""},"categories":[22],"tags":[],"class_list":["post-22377","post","type-post","status-publish","format-standard","hentry","category-interventi"],"_links":{"self":[{"href":"https:\/\/www.esteri.it\/it\/wp-json\/wp\/v2\/posts\/22377","targetHints":{"allow":["GET"]}}],"collection":[{"href":"https:\/\/www.esteri.it\/it\/wp-json\/wp\/v2\/posts"}],"about":[{"href":"https:\/\/www.esteri.it\/it\/wp-json\/wp\/v2\/types\/post"}],"author":[{"embeddable":true,"href":"https:\/\/www.esteri.it\/it\/wp-json\/wp\/v2\/users\/1"}],"replies":[{"embeddable":true,"href":"https:\/\/www.esteri.it\/it\/wp-json\/wp\/v2\/comments?post=22377"}],"version-history":[{"count":0,"href":"https:\/\/www.esteri.it\/it\/wp-json\/wp\/v2\/posts\/22377\/revisions"}],"wp:attachment":[{"href":"https:\/\/www.esteri.it\/it\/wp-json\/wp\/v2\/media?parent=22377"}],"wp:term":[{"taxonomy":"category","embeddable":true,"href":"https:\/\/www.esteri.it\/it\/wp-json\/wp\/v2\/categories?post=22377"},{"taxonomy":"post_tag","embeddable":true,"href":"https:\/\/www.esteri.it\/it\/wp-json\/wp\/v2\/tags?post=22377"}],"curies":[{"name":"wp","href":"https:\/\/api.w.org\/{rel}","templated":true}]}}