{"id":2253,"date":"2020-04-20T10:19:34","date_gmt":"2020-04-20T08:19:34","guid":{"rendered":"https:\/\/www.esteri.it\/sala_stampa\/archivionotizie\/comunicati\/2020\/04\/nota-farnesina-precisazioni-riguardo-all-articolo-di-libero-frontiere-chiuse-conte-e-di-maio-mollano-gli-italiani-bloccati-all-estero\/"},"modified":"2020-04-20T10:19:34","modified_gmt":"2020-04-20T08:19:34","slug":"nota-farnesina-precisazioni-riguardo-all-articolo-di-libero-frontiere-chiuse-conte-e-di-maio-mollano-gli-italiani-bloccati-all-estero","status":"publish","type":"post","link":"https:\/\/www.esteri.it\/it\/sala_stampa\/archivionotizie\/comunicati\/2020\/04\/nota-farnesina-precisazioni-riguardo-all-articolo-di-libero-frontiere-chiuse-conte-e-di-maio-mollano-gli-italiani-bloccati-all-estero\/","title":{"rendered":"NOTA  FARNESINA &#8211; Precisazioni riguardo all&#8217;articolo di Libero \u201cFrontiere chiuse. Conte e Di Maio mollano gli italiani bloccati all\u2019estero\u201d"},"content":{"rendered":"<div>In merito a quanto riportato oggi dal quotidiano Libero nell\u2019articolo \u201cFrontiere chiuse. Conte e Di Maio mollano gli italiani bloccati all\u2019estero\u201d, si precisa che l\u2019azione della Farnesina e di tutta la sua rete all\u2019estero per favorire il rientro dei connazionali \u00e8 stata, e rimane, incessante. Sin dall\u2019inizio della gravissima situazione di pandemia globale, la Farnesina \u2013 attraverso l\u2019Unit\u00e0 di Crisi, le Ambasciate e i Consolati \u2013 si \u00e8 mobilitata in un\u2019operazione senza precedenti, che ha permesso di riportare a casa e in sicurezza da tutto il mondo oltre 60mila connazionali con pi\u00f9 di 420 tra voli commerciali in deroga alla programmazione ordinaria e altri tipi di collegamenti.<\/div>\n<div>\u00a0<\/div>\n<div>In relazione ai casi citati nell\u2019articolo, si fa presente quanto segue. Sono oltre 2.500 i connazionali che si trovavano temporaneamente in Brasile e che sono rientrati con successo in Italia. Oggi partiranno da Orlando, con un volo speciale organizzato in raccordo con Neos, gli oltre 100 ragazzi italiani rimasti bloccati in Florida. In Marocco, nonostante le Autorit\u00e0 locali abbiano sospeso i collegamenti aerei e marittimi con l&#8217;estero, sono gi\u00e0 stati organizzati cinque voli e un collegamento marittimo speciale. Sono gi\u00e0 rientrati in Italia dal Sudafrica con voli speciali tutti i connazionali che lo hanno richiesto, mentre si continua a lavorare per assicurare il rientro dal Madagascar dei 35 connazionali che desiderano farlo e che non hanno fruito delle opportunit\u00e0 messe di disposizione nei giorni precedenti. In Thailandia, oltre a una puntuale informazione sui voli commerciali disponibili, \u00e8 stato messo a disposizione dei connazionali un volo speciale, oltre ai voli speciali organizzati dai partner europei. \u00c8 stata inoltre fornita la necessaria assistenza per fare rientrare gli italiani che si trovavano in Laos. Grazie al nostro intervento, la compagnia Qatar Airways ha deciso di mantenere aperte le rotte che consentono il collegamento dall\u2019Australia all\u2019Italia.<\/div>\n<div>\u00a0<\/div>\n<div>L\u2019Unit\u00e0 di Crisi riceve ogni giorno circa 5mila telefonate e 1.500 e-mail, e inoltre migliaia di richieste di assistenza giungono ad Ambasciate e Consolati in tutto il mondo. Pur ricorrendo al lavoro \u201cagile\u201d, abbiamo continuato a garantire l\u2019assistenza ai connazionali. In un momento cos\u00ec delicato, quindi, risulta se non altro spiacevole dover anche replicare a dichiarazioni non corrette. Il Ministero degli Esteri continuer\u00e0 a prestare tutta l\u2019assistenza possibile agli italiani bloccati all\u2019estero, che si trovino in condizioni di emergenza e stiano affrontando difficolt\u00e0 impreviste.<\/div>\n","protected":false},"excerpt":{"rendered":"In merito a quanto riportato oggi dal quotidiano Libero nell\u2019articolo \u201cFrontiere chiuse. Conte e Di Maio mollano gli italiani bloccati all\u2019estero\u201d, si precisa che l\u2019azione della Farnesina e di tutta la sua rete all\u2019estero per favorire il rientro dei connazionali \u00e8 stata, e rimane, incessante. Sin dall\u2019inizio della gravissima situazione di pandemia globale, la Farnesina [&hellip;]","protected":false},"author":1,"featured_media":0,"comment_status":"","ping_status":"","sticky":false,"template":"","format":"standard","meta":{"footnotes":""},"categories":[1],"tags":[37],"class_list":["post-2253","post","type-post","status-publish","format-standard","hentry","category-comunicati","tag-covid-19"],"_links":{"self":[{"href":"https:\/\/www.esteri.it\/it\/wp-json\/wp\/v2\/posts\/2253","targetHints":{"allow":["GET"]}}],"collection":[{"href":"https:\/\/www.esteri.it\/it\/wp-json\/wp\/v2\/posts"}],"about":[{"href":"https:\/\/www.esteri.it\/it\/wp-json\/wp\/v2\/types\/post"}],"author":[{"embeddable":true,"href":"https:\/\/www.esteri.it\/it\/wp-json\/wp\/v2\/users\/1"}],"replies":[{"embeddable":true,"href":"https:\/\/www.esteri.it\/it\/wp-json\/wp\/v2\/comments?post=2253"}],"version-history":[{"count":0,"href":"https:\/\/www.esteri.it\/it\/wp-json\/wp\/v2\/posts\/2253\/revisions"}],"wp:attachment":[{"href":"https:\/\/www.esteri.it\/it\/wp-json\/wp\/v2\/media?parent=2253"}],"wp:term":[{"taxonomy":"category","embeddable":true,"href":"https:\/\/www.esteri.it\/it\/wp-json\/wp\/v2\/categories?post=2253"},{"taxonomy":"post_tag","embeddable":true,"href":"https:\/\/www.esteri.it\/it\/wp-json\/wp\/v2\/tags?post=2253"}],"curies":[{"name":"wp","href":"https:\/\/api.w.org\/{rel}","templated":true}]}}