{"id":2271,"date":"2020-04-09T15:59:37","date_gmt":"2020-04-09T13:59:37","guid":{"rendered":"https:\/\/www.esteri.it\/sala_stampa\/archivionotizie\/comunicati\/2020\/04\/farnesina-mai-contatti-con-ieffi-trasmetteremo-a-procura\/"},"modified":"2020-04-09T15:59:37","modified_gmt":"2020-04-09T13:59:37","slug":"farnesina-mai-contatti-con-ieffi-trasmetteremo-a-procura","status":"publish","type":"post","link":"https:\/\/www.esteri.it\/it\/sala_stampa\/archivionotizie\/comunicati\/2020\/04\/farnesina-mai-contatti-con-ieffi-trasmetteremo-a-procura\/","title":{"rendered":"Farnesina: mai contatti con Ieffi, trasmetteremo a Procura"},"content":{"rendered":"<p>Con riferimento all\u2019indagine in corso nei confronti dell\u2019imprenditore Antonello Ieffi, arrestato con l\u2019accusa di aver turbato una gara Consip per la fornitura di mascherine chirurgiche, si precisa che non vi sono mai stati contatti di alcun tipo, men che meno via mail, tra il signor Ieffi e il ministro degli Esteri Luigi Di Maio. Nella fattispecie, il 16 marzo 2020 il signor Ieffi invi\u00f2 una mail all\u2019account della Camera dei Deputati intestato al ministro Di Maio e gestito dal capo segreteria del ministro Di Maio, mail alla quale tuttavia non \u00e8 mai seguita alcuna risposta da parte del ministro, n\u00e9 da parte dei suoi collaboratori. La stessa mail, come da prassi, \u00e8 stata dunque inoltrata dal capo segreteria del ministro Di Maio ai vertici della Protezione Civile e alla struttura del commissario Arcuri affinch\u00e9 si compissero gli adeguati approfondimenti sull\u2019affidabilit\u00e0 dell\u2019argomento trattato. Per completezza di informazione, un\u2019altra mail, inviata l\u2019indomani dallo stesso Ieffi, in data 17 marzo 2020, veniva indirizzata questa volta a Consip e vedeva in copia l\u2019attuale e l\u2019ex ambasciatore di Italia in Qatar, la Protezione Civile, Ice, Cassa Depositi e Prestiti e Invitalia, a dimostrazione che il signor Ieffi tentava ancora di ottenere riscontro alla sua richiesta. In conclusione, la Farnesina comunica che nelle prossime ore trasmetter\u00e0 ogni elemento disponibile alla Procura della Repubblica.<\/p>\n","protected":false},"excerpt":{"rendered":"Con riferimento all\u2019indagine in corso nei confronti dell\u2019imprenditore Antonello Ieffi, arrestato con l\u2019accusa di aver turbato una gara Consip per la fornitura di mascherine chirurgiche, si precisa che non vi sono mai stati contatti di alcun tipo, men che meno via mail, tra il signor Ieffi e il ministro degli Esteri Luigi Di Maio. Nella [&hellip;]","protected":false},"author":1,"featured_media":0,"comment_status":"","ping_status":"","sticky":false,"template":"","format":"standard","meta":{"footnotes":""},"categories":[1],"tags":[37],"class_list":["post-2271","post","type-post","status-publish","format-standard","hentry","category-comunicati","tag-covid-19"],"_links":{"self":[{"href":"https:\/\/www.esteri.it\/it\/wp-json\/wp\/v2\/posts\/2271","targetHints":{"allow":["GET"]}}],"collection":[{"href":"https:\/\/www.esteri.it\/it\/wp-json\/wp\/v2\/posts"}],"about":[{"href":"https:\/\/www.esteri.it\/it\/wp-json\/wp\/v2\/types\/post"}],"author":[{"embeddable":true,"href":"https:\/\/www.esteri.it\/it\/wp-json\/wp\/v2\/users\/1"}],"replies":[{"embeddable":true,"href":"https:\/\/www.esteri.it\/it\/wp-json\/wp\/v2\/comments?post=2271"}],"version-history":[{"count":0,"href":"https:\/\/www.esteri.it\/it\/wp-json\/wp\/v2\/posts\/2271\/revisions"}],"wp:attachment":[{"href":"https:\/\/www.esteri.it\/it\/wp-json\/wp\/v2\/media?parent=2271"}],"wp:term":[{"taxonomy":"category","embeddable":true,"href":"https:\/\/www.esteri.it\/it\/wp-json\/wp\/v2\/categories?post=2271"},{"taxonomy":"post_tag","embeddable":true,"href":"https:\/\/www.esteri.it\/it\/wp-json\/wp\/v2\/tags?post=2271"}],"curies":[{"name":"wp","href":"https:\/\/api.w.org\/{rel}","templated":true}]}}