{"id":22767,"date":"2012-05-21T08:46:23","date_gmt":"2012-05-21T06:46:23","guid":{"rendered":"https:\/\/www.esteri.it\/sala_stampa\/archivionotizie\/comunicati\/2012\/05\/20120521_assdonsangue\/"},"modified":"2012-05-21T08:46:23","modified_gmt":"2012-05-21T06:46:23","slug":"20120521_assdonsangue","status":"publish","type":"post","link":"https:\/\/www.esteri.it\/it\/sala_stampa\/archivionotizie\/interventi\/2012\/05\/20120521_assdonsangue\/","title":{"rendered":"Dettaglio intervento"},"content":{"rendered":"<p><P align=center><I>(fa fede solo il testo effettivamente pronunciato)<\/I><\/P><br \/>\n<P><I><\/I><\/P><br \/>\n<P><STRONG><\/STRONG><\/P><br \/>\n<P>Chiarissimo Prorettore Adriano Redler, Signore e Signori,<\/P><br \/>\n<P>sono molto lieto di questo incontro. Ringrazio il Presidente, Dottor Giuseppe Spiezia. E saluto il Presidente onorario di \u201cAd spem\u201d, Professor Franco Mandelli, al quale mi legano profondi vincoli di amicizia e stima. Il Professor Mandelli \u00e8 stato insignito dei pi\u00f9 alti riconoscimenti nazionali e internazionali. Il suo nome, il suo eccezionale valore scientifico, la sua straordinaria umanit\u00e0 e il profondo impegno solidaristico sono conosciuti e ammirati in tutto il mondo. Una volta negli Stati Uniti il Direttore di uno dei pi\u00f9 importanti centri ematologici, al quale avevo segnalato un particolare caso, mi rispose con sorpresa dicendo: \u201cfrancamente, non capisco perch\u00e9 vi rivolgete agli Stati Uniti, voi che in Italia avete Mandelli\u201d. Vorrei anche ricordare l\u2019impegno del Professor Mandelli nell\u2019Associazione Italiana contro le leucemie, linfomi e mieloma, di cui egli \u00e8 il Presidente. Franco Mandelli appartiene a quella ristretta categoria di persone che, secondo Tolstoy, hanno compreso che la vera gioia si ottiene solo se si guarda alla vita come un servizio. <\/P><br \/>\n<P>Signore e Signori, <\/P><br \/>\n<P>il volontariato testimonia che si pu\u00f2 fare molto quando cittadini generosi e motivati si associano, mettendo insieme capacit\u00e0 organizzative e i progressi compiuti dalla scienza. E siccome non basta fare il bene, ma occorre anche farlo bene, l\u2019Associazione \u201cAd spem\u201d \u00e8 l\u2019esempio tangibile dei brillanti successi che possono essere ottenuti con la combinazione di dedizione e visione, generosit\u00e0 e organizzazione, societ\u00e0 civile e mondo scientifico. L\u2019autosufficienza nel fabbisogno di sangue a uso trasfusionale \u00e8 un traguardo notevole che voi &#8211; <STRONG>con quasi 2 milioni di donatori<\/STRONG> &#8211; avete conseguito con i vostri ammirevoli sforzi.<\/P><br \/>\n<P>Quando alcuni sostengono, per ignoranza o in mala fede, che gli italiani sono un popolo di individualisti, incapaci di organizzarsi, per smentire tale asserzione \u00e8 sufficiente ricordare gli eccellenti risultati del volontariato italiano. Il volontariato \u00e8 una delle pi\u00f9 significative realizzazioni della societ\u00e0 civile del nostro Paese negli ultimi decenni. Ha radici antiche e profonde in Italia, ma per molto tempo \u00e8 stato limitato a settori particolari della societ\u00e0. <STRONG>Ora \u00e8 diventato un vero, grande, crescente movimento popolare.<\/STRONG> Voi, insieme a tante altre belle realt\u00e0 dell\u2019associazionismo italiano, avete trovato una risposta a quella che Martin Luther King definiva la \u201cpersistente e urgente domanda della vita\u201d, e cio\u00e8: \u201ccosa stai facendo per gli altri?\u201d. <\/P><br \/>\n<P><\/P><br \/>\n<P>Questa domanda vale anche nelle relazioni internazionali. \u00c8 nel rapporto tra i popoli che il volontariato, e la generosit\u00e0 dell\u2019impegno sociale, nella lotta alla povert\u00e0 e alle malattie che vi si collegano, fanno la vera differenza. La solidariet\u00e0 \u00e8 un aspetto essenziale della politica estera italiana. Viviamo in un mondo interdipendente. I \u201cbeni pubblici\u201d determinano la qualit\u00e0 della vita e spesso le scelte degli Stati. Il nostro tempo offre all\u2019uomo <STRONG>nuove opportunit\u00e0<\/STRONG>, mai avute prima. Impone anche <STRONG>il dovere<\/STRONG> di fare un buon uso di esse. Le questioni della salute hanno quindi una rilevanza crescente nell\u2019attivit\u00e0 diplomatica. Siamo impegnati nella lotta alla malaria, alla tubercolosi, all\u2019AIDS, alla mortalit\u00e0 infantile, con particolare attenzione e sostegno alla ricerca nei Paesi in via di sviluppo. <\/P><br \/>\n<P>Ho visitato pochi giorni fa a Maputo un eccellente centro di formazione per ricercatori mozambicani sostenuto proprio, tra gli altri, da questa Universit\u00e0. Argomenti fino a pochi decenni fa estranei all\u2019agenda internazionale, sono ora al centro di strategie nelle quali l\u2019Italia \u00e8 protagonista.<\/P><br \/>\n<P>Nel nostro impegno per la <STRONG>cooperazione allo sviluppo <\/STRONG>la sanit\u00e0 \u00e8 prioritaria. Assicuriamo assistenza medica nelle grandi emergenze derivanti da calamit\u00e0 naturali o da guerre; e in questi giorni stiamo inviando un ospedale da campo in Giordania per i feriti siriani. Formiamo personale medico e paramedico per i Paesi che ne hanno pi\u00f9 bisogno. <\/P><br \/>\n<P>Vorrei evidenziare un altro ambito che mi sta particolarmente a cuore: la <STRONG>ricerca scientifica e tecnologica<\/STRONG>. Nell\u2019immaginario della mia generazione, il progresso si identificava con la conquista dello spazio. Oggi, il settore di punta \u00e8 quello biologico e medico. Su queste sfide si misura il prestigio di un Paese. Ho lanciato nelle scorse settimane, insieme al Ministro Profumo, un progetto strutturato per rendere sistematico il rapporto tra quell\u2019enorme, ricca risorsa rappresentata dai nostri ricercatori all\u2019estero, e il nostro Paese. Ho dato impulsi in questo senso a tutte le Ambasciate italiane, per incoraggiare le collaborazioni tra le nostre Universit\u00e0 e quelle straniere, tra i centri di biomedica pi\u00f9 avanzati, come quelli esistenti negli Stati Uniti, in Europa, in Russia.<\/P><br \/>\n<P>Vorrei concludere con un aneddoto. Un giorno, nel corso della sua lotta per l\u2019indipendenza dell\u2019India, Gandhi ricevette una lettera in cui si chiedeva ai leader mondiali di redigere una Carta dei diritti dell\u2019uomo. Gandhi, che si batteva per i diritti fondamentali del suo popolo, sorprese tutti con la sua inattesa risposta. \u201cDalla mia esperienza &#8211; disse &#8211; ho capito che \u00e8 molto pi\u00f9 importante avere una Carta dei doveri\u201d. Ecco, con il vostro meritorio impegno, nel donare senza chiedere, avete dimostrato di aver compreso e attuato questo monito. La donazione di sangue \u00e8 uno dei gesti pi\u00f9 generosi, e allo stesso tempo pi\u00f9 semplici, che un essere umano pu\u00f2 compiere. Ma \u00e8 anche un dovere morale e civile, che occorre sostenere. <\/P>A voi tutti il mio caloroso ringraziamento anche a nome del Governo. Grazie.<\/p>\n","protected":false},"excerpt":{"rendered":"(fa fede solo il testo effettivamente pronunciato) Chiarissimo Prorettore Adriano Redler, Signore e Signori, sono molto lieto di questo incontro. Ringrazio il Presidente, Dottor Giuseppe Spiezia. E saluto il Presidente onorario di \u201cAd spem\u201d, Professor Franco Mandelli, al quale mi legano profondi vincoli di amicizia e stima. Il Professor Mandelli \u00e8 stato insignito dei pi\u00f9 [&hellip;]","protected":false},"author":1,"featured_media":0,"comment_status":"","ping_status":"","sticky":false,"template":"","format":"standard","meta":{"footnotes":""},"categories":[22],"tags":[],"class_list":["post-22767","post","type-post","status-publish","format-standard","hentry","category-interventi"],"_links":{"self":[{"href":"https:\/\/www.esteri.it\/it\/wp-json\/wp\/v2\/posts\/22767","targetHints":{"allow":["GET"]}}],"collection":[{"href":"https:\/\/www.esteri.it\/it\/wp-json\/wp\/v2\/posts"}],"about":[{"href":"https:\/\/www.esteri.it\/it\/wp-json\/wp\/v2\/types\/post"}],"author":[{"embeddable":true,"href":"https:\/\/www.esteri.it\/it\/wp-json\/wp\/v2\/users\/1"}],"replies":[{"embeddable":true,"href":"https:\/\/www.esteri.it\/it\/wp-json\/wp\/v2\/comments?post=22767"}],"version-history":[{"count":0,"href":"https:\/\/www.esteri.it\/it\/wp-json\/wp\/v2\/posts\/22767\/revisions"}],"wp:attachment":[{"href":"https:\/\/www.esteri.it\/it\/wp-json\/wp\/v2\/media?parent=22767"}],"wp:term":[{"taxonomy":"category","embeddable":true,"href":"https:\/\/www.esteri.it\/it\/wp-json\/wp\/v2\/categories?post=22767"},{"taxonomy":"post_tag","embeddable":true,"href":"https:\/\/www.esteri.it\/it\/wp-json\/wp\/v2\/tags?post=22767"}],"curies":[{"name":"wp","href":"https:\/\/api.w.org\/{rel}","templated":true}]}}