{"id":2279,"date":"2020-04-03T14:37:03","date_gmt":"2020-04-03T12:37:03","guid":{"rendered":"https:\/\/www.esteri.it\/sala_stampa\/archivionotizie\/comunicati\/2020\/04\/nota-congiunta-del-ministero-della-difesa-e-del-ministero-degli-affari-esteri-e-della-cooperazione-internazionale\/"},"modified":"2020-04-03T14:37:03","modified_gmt":"2020-04-03T12:37:03","slug":"nota-congiunta-del-ministero-della-difesa-e-del-ministero-degli-affari-esteri-e-della-cooperazione-internazionale","status":"publish","type":"post","link":"https:\/\/www.esteri.it\/it\/sala_stampa\/archivionotizie\/comunicati\/2020\/04\/nota-congiunta-del-ministero-della-difesa-e-del-ministero-degli-affari-esteri-e-della-cooperazione-internazionale\/","title":{"rendered":"Nota congiunta del Ministero della Difesa e del Ministero degli Affari Esteri e della Cooperazione Internazionale"},"content":{"rendered":"<p>\u00a0<\/p>\n<p><strong>ITALIA GRATA PER AIUTI DELLA RUSSIA. MA RISPETTO PER LA LIBERT\u00c0 D\u2019ESPRESSIONE DELLA\u00a0<\/strong><strong>STAMPA NAZIONALE<\/strong><\/p>\n<p>In questa fase di difficolt\u00e0 l\u2019Italia sta ricevendo aiuto e supporto da molti Paesi, ed \u00e8 evidente il meccanismo di solidariet\u00e0 scattato da parte della comunit\u00e0 internazionale. Il nostro Paese, oggetto\u00a0di tale solidariet\u00e0, non pu\u00f2 che esserne riconoscente.\u00a0Materiali e capacit\u00e0 giunte dalla Russia (anche a seguito di un contatto tra il Presidente Conte e il\u00a0Presidente Putin), cos\u00ec come i contr ibuti inviati da tutti gli altri Paesi amici, sono stati ampiamente\u00a0descritti e documentati con la consueta trasparenza da parte delle Istituzioni.<\/p>\n<p>Si ribadisce, pertanto, che il team sanitario russo, arrivato in Italia lo scorso 22 marzo, lavora in\u00a0sinergia con il personale della Difesa italiana e del Ministero della Salute. Il contingente russo \u00e8\u00a0composto di 104 unit\u00e0, nello specifico 32 operatori sanitari (tra medici e infermieri), 51 bonificatori\u00a0e altro personale di assistenza e interpretariato a supporto.<\/p>\n<p>Sono state costituite squadre miste con personale militare Italiano del 7\u00b0 Reggimento NBC\u00a0dell\u2019Esercito Italiano, che ha capacit\u00e0 similari, ed \u00e8 stata avviata l\u2019attivit\u00e0 di sanificazione in alcune\u00a0strutture e aree di Bergamo definite dalla Protezione Civile, in coordinamento anche con la\u00a0Regione e ASL Lombardia. Le attivit\u00e0 di disinfezione e bonifica si stanno rivolgendo principalmente\u00a0in favore delle Residenze Sanitarie Assistenziali, che come noto si trovano particolarmente\u00a0esposte, in quanto ospitano pazienti anziani e pi\u00f9 fragili.<\/p>\n<p>Il personale sanitario russo in questi giorni ha effettuato un\u2019attivit\u00e0 di training con i medici italiani\u00a0presso l\u2019ospedale Giovanni XXIII di Bergamo e a breve inizier\u00e0 ad operare presso l\u2019ospedale da\u00a0campo dell\u2019Associazione Nazionale degli Alpini.<\/p>\n<p>Sotto il punto di vista dei materiali, i velivoli russi hanno fino ad ora consegnato all\u2019aeroporto di\u00a0Pratica di Mare i seguenti aiuti umanitari: 150 ventilatori polmonari (gi\u00e0 in parte donati\u00a0all\u2019ospedale Giovanni XXIII e all\u2019ospedale presso la Fiera di Milano), 330.000 mascherine, 1.000\u00a0\u00a0tute protettive, 2 macchine per le analisi di 100 tamponi rapide, 10.000 tamponi veloci, 100.000\u00a0tamponi normali, un laboratorio di analisi, 3 complessi per la sanificazione di mezzi e ambienti e 3\u00a0stazioni di sanitizzazione per ampie superfici.<\/p>\n<p>Nell\u2019essere grati per tale manifestazione concreta di supporto, non si pu\u00f2, allo stesso tempo, non\u00a0biasimare il tono inopportuno di certe espressioni utilizzate dal portavoce del Ministero della\u00a0Difesa russo nei confronti di alcuni articoli della stampa italiana. La libert\u00e0 di espressione e il diritto\u00a0di critica sono valori fondamentali del nostro Paese, cos\u00ec come il diritto di replica, mantenendosi\u00a0entrambi dentro canoni di correttezza formali e sostanziali. In questo momento di emergenza\u00a0globale il compito di controllo e di analisi della libera stampa rimane pi\u00f9 che mai essenziale.<\/p>\n<p><em>Cos\u00ec, in una nota congiunta il Ministero della Difesa e il Ministero degli Affari Esteri e della\u00a0C<\/em><em>ooperazione Internazionale<\/em><\/p>\n<p>\u00a0<\/p>\n<p>\u00a0<\/p>\n<p>\u00a0<\/p>\n<p>\u00a0<\/p>\n<p>\u00a0<\/p>\n<p>\u00a0<\/p>\n<p>\u00a0<\/p>\n<p>\u00a0<\/p>\n<p>\u00a0<\/p>\n","protected":false},"excerpt":{"rendered":"\u00a0 ITALIA GRATA PER AIUTI DELLA RUSSIA. MA RISPETTO PER LA LIBERT\u00c0 D\u2019ESPRESSIONE DELLA\u00a0STAMPA NAZIONALE In questa fase di difficolt\u00e0 l\u2019Italia sta ricevendo aiuto e supporto da molti Paesi, ed \u00e8 evidente il meccanismo di solidariet\u00e0 scattato da parte della comunit\u00e0 internazionale. Il nostro Paese, oggetto\u00a0di tale solidariet\u00e0, non pu\u00f2 che esserne riconoscente.\u00a0Materiali e capacit\u00e0 [&hellip;]","protected":false},"author":1,"featured_media":0,"comment_status":"","ping_status":"","sticky":false,"template":"","format":"standard","meta":{"footnotes":""},"categories":[1],"tags":[9],"class_list":["post-2279","post","type-post","status-publish","format-standard","hentry","category-comunicati","tag-europa"],"_links":{"self":[{"href":"https:\/\/www.esteri.it\/it\/wp-json\/wp\/v2\/posts\/2279","targetHints":{"allow":["GET"]}}],"collection":[{"href":"https:\/\/www.esteri.it\/it\/wp-json\/wp\/v2\/posts"}],"about":[{"href":"https:\/\/www.esteri.it\/it\/wp-json\/wp\/v2\/types\/post"}],"author":[{"embeddable":true,"href":"https:\/\/www.esteri.it\/it\/wp-json\/wp\/v2\/users\/1"}],"replies":[{"embeddable":true,"href":"https:\/\/www.esteri.it\/it\/wp-json\/wp\/v2\/comments?post=2279"}],"version-history":[{"count":0,"href":"https:\/\/www.esteri.it\/it\/wp-json\/wp\/v2\/posts\/2279\/revisions"}],"wp:attachment":[{"href":"https:\/\/www.esteri.it\/it\/wp-json\/wp\/v2\/media?parent=2279"}],"wp:term":[{"taxonomy":"category","embeddable":true,"href":"https:\/\/www.esteri.it\/it\/wp-json\/wp\/v2\/categories?post=2279"},{"taxonomy":"post_tag","embeddable":true,"href":"https:\/\/www.esteri.it\/it\/wp-json\/wp\/v2\/tags?post=2279"}],"curies":[{"name":"wp","href":"https:\/\/api.w.org\/{rel}","templated":true}]}}