{"id":22920,"date":"2020-10-06T09:48:26","date_gmt":"2020-10-06T07:48:26","guid":{"rendered":"https:\/\/www.esteri.it\/sala_stampa\/archivionotizie\/comunicati\/2020\/10\/di-stefano-ora-ice-piu-forte-con-le-imprese-nel-nuovo-cda-il-sole-24-ore\/"},"modified":"2020-10-06T09:48:26","modified_gmt":"2020-10-06T07:48:26","slug":"di-stefano-ora-ice-piu-forte-con-le-imprese-nel-nuovo-cda-il-sole-24-ore","status":"publish","type":"post","link":"https:\/\/www.esteri.it\/it\/sala_stampa\/archivionotizie\/interviste\/2020\/10\/di-stefano-ora-ice-piu-forte-con-le-imprese-nel-nuovo-cda-il-sole-24-ore\/","title":{"rendered":"Di Stefano: \u00abOra Ice pi\u00f9 forte con le imprese nel nuovo Cda\u00bb (Il Sole 24 Ore)"},"content":{"rendered":"<p>\u00a0<\/p>\n<p>Il nuovo Cda Ice nasce dall\u2019 esigenza di ascolto delle istanze di un tessuto economico italiano sempre pi\u00f9 proiettato verso l&#8217;internazionalizzazione. Spezzando lo schema della spartizione politica, e volenterosi di avviare un nuovo corso votato al gioco di squadra e al perseguimento di obiettivi ambiziosi, abbiamo deciso di coinvolgere in questo percorso le maggiori associazioni datoriali del Paese\u00bb. Il sottosegretario M5S agli Esteri con delega al commercio estero, Manlio Di Stefano, saluta cos\u00ec le nomine all&#8217;agenzia guidata dal presidente Carlo Maria Ferro approvate ieri dal Consiglio dei ministri: nel Cda entrano Barbara Beltrame, vicepresidente di Confindustria per l&#8217;internazionalizzazione, Ivano Vacondio, presidente di Federalimentare, Daniele Vaccarino, numero uno di Cna, e Jos\u00e8 Rallo, amministratrice delegata di Donnafugata\u00bb.<\/p>\n<p><strong>\u00c8 l&#8217;addio del M5S al pregiudizio anti-impresa? <\/strong><\/p>\n<p>\u00abIl M5S non ha mai avuto pregiudizi verso chi, con il proprio lavoro, contribuisce a rendere prospero il nostro Paese. Siamo i primi a voler coinvolgere le migliori sensibilit\u00e0 del mondo dell&#8217;impresa su temi come il sostegno all&#8217;export di beni e servizi, l&#8217;approdo delle nostre Pmi su mercati internazionali dalle dinamiche pi\u00f9 varie, le epocali transizioni digitali e ambientali in corso su scala globale. Se, come crediamo, vinceremo questa scommessa, il made in Italy potr\u00e0 affermarsi sempre di pi\u00f9 come protagonista indiscusso nelle dinamiche, purtroppo sempre pi\u00f9 complesse, del commercio mondiale\u00bb.<\/p>\n<p><strong>Come \u00e8 nata la scelta del Cda Ice?<\/strong><\/p>\n<p>\u00abDeriva da un confronto costruttivo e franco con il mondo associativo. Un confronto sulla sostanza, non sulla forma. L&#8217;agenzia opera con la missione primaria di fornire sostegno alle realt\u00e0 italiane volenterose di affacciarsi fuori dai confini nazionali e riteniamo che per realizzare questo obiettivo lavorare fianco a fianco con i fruitori stessi dei servizi Ice sia di gran lunga la soluzione pi\u00f9 idonea. Non \u00e8 quindi una questione di nomi, ma di visioni di futuro e progettualit\u00e0 da modellare insieme all&#8217;industria, all&#8217;artigianato, al commercio, ai comparti agricolo e agroalimentare con tutte le loro peculiarit\u00e0\u00bb.<\/p>\n<p><strong>L\u2019 Ice \u00e8 uno dei maggiori esecutori del Patto per l&#8217;export che il ministro Luigi\u00a0 Di Maio ha firmato l&#8217;8 giugno con i rappresentanti delle imprese in risposta alla crisi Covid. <\/strong><\/p>\n<p>\u00abCon la sua sede centrale in Italia e i suoi uffici in tutto il mondo, da quest&#8217;anno sempre pi\u00f9 integrati nella rete diplomatico-consolare e nella struttura del ministero degli Affari esteri, l&#8217;Ice svolge un ruolo centrale. In un momento di crisi \u00e8 ancora pi\u00f9 importante che le attivit\u00e0 strategiche svolte da Ice, come la realizzazione del piano globale di comunicazione per il mando del made in Italy, al momento in fase di assegnazione, e la messa a terra degli ingenti fondi del piano straordinario per l&#8217;internazionalizzazione delle nostre imprese nel 2020-21, mirino a un coinvolgimento sempre pi\u00f9 diretto dell&#8217;utenza anche in fase gestionale. Il nuovo Cda dovr\u00e0 mirare a questo\u00bb.<\/p>\n<p><strong>Che cosa vi aspettate?<\/strong><\/p>\n<p>\u00abUn Ice sempre pi\u00f9 al passo con le tendenze del commercio mondiale e in grado di parlare il linguaggio delle imprese, in particolare delle Pmi. L&#8217;agenzia sta assumendo nuove professionalit\u00e0 che permetteranno di presidiare in maniera pi\u00f9 strutturata tutti i settori del nostro tessuto economico, inclusi quelli meno iconici e tradizionali, forse parzialmente tralasciati in passato. \u00c8 forte, tra l&#8217;altro, l&#8217;attenzione verso l&#8217;attrazione di investitori esteri, l&#8217;espansione internazionale delle imprese innovative, la promozione del made in Italy mediante modelli che coinvolgono piattaforme digitali e comparto audiovisivo. Oltre a perseguire questa nuova vocazione, l&#8217;Ice rester\u00e0 forte nel presidio del settore fieristico, e i suoi uffici nel mondo continueranno ad essere la casa degli esportatori e investitori italiani\u00bb.<\/p>\n<p><strong>Quali sono i mercati che oggi ritenete pi\u00f9 promettenti? <\/strong><\/p>\n<p>\u00abStando ai dati Istat relativi ai primi otto mesi del 2020, seppur in un contesto di calo generalizzato delle esportazioni riconducibile alla pandemia, registriamo risultati confortanti per l&#8217;export italiano in Giappone, Cina, Asean (di cui l&#8217;Italia \u00e8 divenuta partner di sviluppo poche settimane fa), America settentrionale, oltre a una sostanziale tenuta del commercio intra-europeo. Immaginiamo quindi di continuare a presidiare queste aree con la massima attenzione, senza per questo trascurare mercati emergenti storicamente molto dinamici ma pi\u00f9 in difficolt\u00e0 in questa specifica fase\u00bb.<\/p>\n","protected":false},"excerpt":{"rendered":"\u00a0 Il nuovo Cda Ice nasce dall\u2019 esigenza di ascolto delle istanze di un tessuto economico italiano sempre pi\u00f9 proiettato verso l&#8217;internazionalizzazione. Spezzando lo schema della spartizione politica, e volenterosi di avviare un nuovo corso votato al gioco di squadra e al perseguimento di obiettivi ambiziosi, abbiamo deciso di coinvolgere in questo percorso le maggiori [&hellip;]","protected":false},"author":1,"featured_media":0,"comment_status":"","ping_status":"","sticky":false,"template":"","format":"standard","meta":{"footnotes":""},"categories":[23],"tags":[3,399],"class_list":["post-22920","post","type-post","status-publish","format-standard","hentry","category-interviste","tag-diplomazia-economica","tag-vice-ministri-e-sottosegretari-precedenti"],"_links":{"self":[{"href":"https:\/\/www.esteri.it\/it\/wp-json\/wp\/v2\/posts\/22920","targetHints":{"allow":["GET"]}}],"collection":[{"href":"https:\/\/www.esteri.it\/it\/wp-json\/wp\/v2\/posts"}],"about":[{"href":"https:\/\/www.esteri.it\/it\/wp-json\/wp\/v2\/types\/post"}],"author":[{"embeddable":true,"href":"https:\/\/www.esteri.it\/it\/wp-json\/wp\/v2\/users\/1"}],"replies":[{"embeddable":true,"href":"https:\/\/www.esteri.it\/it\/wp-json\/wp\/v2\/comments?post=22920"}],"version-history":[{"count":0,"href":"https:\/\/www.esteri.it\/it\/wp-json\/wp\/v2\/posts\/22920\/revisions"}],"wp:attachment":[{"href":"https:\/\/www.esteri.it\/it\/wp-json\/wp\/v2\/media?parent=22920"}],"wp:term":[{"taxonomy":"category","embeddable":true,"href":"https:\/\/www.esteri.it\/it\/wp-json\/wp\/v2\/categories?post=22920"},{"taxonomy":"post_tag","embeddable":true,"href":"https:\/\/www.esteri.it\/it\/wp-json\/wp\/v2\/tags?post=22920"}],"curies":[{"name":"wp","href":"https:\/\/api.w.org\/{rel}","templated":true}]}}