{"id":22922,"date":"2020-09-16T09:00:44","date_gmt":"2020-09-16T07:00:44","guid":{"rendered":"https:\/\/www.esteri.it\/sala_stampa\/archivionotizie\/comunicati\/2020\/09\/sereni-crisi-costruire-coi-ragazzi-una-risposta-mediterranea-avvenire\/"},"modified":"2020-09-16T09:00:44","modified_gmt":"2020-09-16T07:00:44","slug":"sereni-crisi-costruire-coi-ragazzi-una-risposta-mediterranea-avvenire","status":"publish","type":"post","link":"https:\/\/www.esteri.it\/it\/sala_stampa\/archivionotizie\/interviste\/2020\/09\/sereni-crisi-costruire-coi-ragazzi-una-risposta-mediterranea-avvenire\/","title":{"rendered":"Sereni: \u201cCrisi, costruire coi ragazzi una risposta mediterranea\u201d (Avvenire)"},"content":{"rendered":"<p align=\"justify\">Caro direttore,<\/p>\n<p align=\"justify\">la pandemia colpisce gravemente i giovani di tutto il mondo, categoria tra le pi\u00f9 vulnerabili se si considerano le conseguenze economiche e sociali a lungo termine della crisi. Il virus sta provocando gravi conseguenze sul lavoro dei giovani riducendo le prospettive d&#8217;occupazione, mentre Covid-19 sta avendo impatto anche sull&#8217;istruzione e la formazione, con vasti ritardi nei processi di apprendimento. I Paesi a basso reddito tendono a essere particolarmente colpiti, poich\u00e9 in essi le lacune tecnologiche minano la possibilit\u00e0 di un corretto apprendimento a distanza.<\/p>\n<p align=\"justify\">La situazione \u00e8 ancora pi\u00f9 difficile per i giovani nella cosiddetta regione Mena (Middle East&#038;North Africa), in cui quasi la met\u00e0 della popolazione ha meno di 25 anni. Gi\u00e0 prima della pandemia, un quarto di questi giovani era disoccupato, il tasso pi\u00f9 alto rispetto a qualsiasi altra parte del pianeta. E stiamo parlando di Paesi segnati da conflitti e instabilit\u00e0. Se consideriamo la Libia, ad esempio, la disoccupazione giovanile \u00e8 al 50%, il peggior tasso nella regione Mena e il secondo pi\u00f9 alto a livello mondiale. E questo spiega gi\u00e0 tanto.<\/p>\n<p align=\"justify\">In tutto il mondo, ma in particolare nella regione Mena, i giovani hanno un accesso limitato alla politica, alle istituzioni e al processo decisionale. I recenti movimenti di protesta, da Algeri a Khartoum, da Beirut a Baghdad, sono stati guidati principalmente da giovani che chiedevano istituzioni pi\u00f9 eque, pi\u00f9 trasparenti, inclusive e rappresentative. Covid-19 ha accelerato l&#8217;emergere delle fragilit\u00e0 dell&#8217;area. Possiamo dire che ora &#8220;Il re \u00e8 nudo&#8221;, in quanto la pandemia sta mostrando il meglio ma anche il peggio dei nostri sistemi.<\/p>\n<p align=\"justify\">L&#8217;Unione Europea, per esempio, ha dato prova di grande resilienza del proprio modello sociale, in particolare per l&#8217;assistenza sanitaria, dimostrando anche una in parte inaspettata determinazione a far fronte alle conseguenze sociali ed economiche di lungo periodo derivanti dalla crisi. Pensiamo alle tante misure intraprese, alla Next Generation Ue, un programma emblematico gi\u00e0 dal nome.<\/p>\n<p align=\"justify\">Ma questo purtroppo non basta. Su entrambe le sponde del Mediterraneo, la crisi evidenzia tante carenze strutturali delle nostre societ\u00e0: crescenti disuguaglianze, degrado della mobilit\u00e0 sociale, distribuzione ineguale delle opportunit\u00e0, &#8220;internalizzazione&#8221; o &#8220;precarizzazione&#8221; dei sistemi economici.<\/p>\n<p align=\"justify\">Corruzione e clientelismo, oltre a meccanismi da Rentier State, (quando gli Stati traggono reddito dall&#8217;alienazione delle ricchezze nazionali) rischiano di rafforzarsi con il virus, colpendo direttamente i giovani della sponda meridionale del Mediterraneo.<\/p>\n<p align=\"justify\">Ma siamo consapevoli che, ovunque nel mondo, sono proprio le nuove generazioni quelle che con determinazione, coraggio ed energia cercano di contrastare questa situazione? E\u2019 grazie ai giovani infatti che un tema come il cambiamento climatico \u00e8 diventato centrale nelle agende internazionali.<\/p>\n<p align=\"justify\">Dobbiamo perci\u00f2 continuare a sostenere le richieste dei giovani della regione mediterranea e mediorientale per riforme inclusive. Questo \u00e8 un passo cruciale per sviluppare insieme una &#8220;agenda positiva&#8221; inclusiva, nello spirito dei Roma Med-Dialogues, che avranno il loro svolgimento, si spera, anche nel 2020, a fine d&#8217;anno, nella nostra capitale.<\/p>\n<p align=\"justify\">L&#8217;attuale crisi dovrebbe essere vista come un&#8217;opportunit\u00e0 per i governi del Mediterraneo allargato di innovare e realizzare riforme sociali ed economiche, coinvolgendo i giovani e assicurando che il loro ruolo nelle societ\u00e0 sia rafforzato. L&#8217;Italia e la Ue possono dare un adeguato sostegno alla sponda Sud attraverso iniziative di\u00a0cooperazione\u00a0ad hoc, sia a livello bilaterale che multilaterale. Il programma di governance Ocse-Mena, un partenariato strategico, \u00e8 un esempio concreto di come si possa lavorare assieme per migliorare la governance di certi Paesi, responsabilizzare i giovani e mantenere lo slancio dei processi di riforma nella regione mediterranea meridionale. Con il contributo della Scuola nazionale della Pubblica Amministrazione, l&#8217;Italia ospita a Caserta il Centro per la formazione dei programmi di governance dell&#8217;Ocse, che svolge un ruolo chiave nell&#8217;agevolare gli scambi e il capacity building, nell&#8217;ambito del Programma Ocse-Mena, sostenuto dalla\u00a0Cooperazione\u00a0italiana. Un esempio \u00e8 il progetto attivo in Libano sull&#8217;open government e la digitalizzazione, temi particolarmente importanti per le giovani generazioni.<\/p>\n<p align=\"justify\">Mettere i giovani al centro delle nostre societ\u00e0 deve essere dunque un&#8217;assoluta priorit\u00e0. L&#8217;integrazione delle nuove generazioni nell&#8217;economia come in tutti gli ambiti della vita politica \u00e8 fondamentale se vogliamo davvero garantire una ripresa completa e sostenibile dalla crisi derivata da Covid-19.<\/p>\n","protected":false},"excerpt":{"rendered":"Caro direttore, la pandemia colpisce gravemente i giovani di tutto il mondo, categoria tra le pi\u00f9 vulnerabili se si considerano le conseguenze economiche e sociali a lungo termine della crisi. Il virus sta provocando gravi conseguenze sul lavoro dei giovani riducendo le prospettive d&#8217;occupazione, mentre Covid-19 sta avendo impatto anche sull&#8217;istruzione e la formazione, con [&hellip;]","protected":false},"author":1,"featured_media":0,"comment_status":"","ping_status":"","sticky":false,"template":"","format":"standard","meta":{"footnotes":""},"categories":[23],"tags":[6,399],"class_list":["post-22922","post","type-post","status-publish","format-standard","hentry","category-interviste","tag-mediterraneo-e-medio-oriente","tag-vice-ministri-e-sottosegretari-precedenti"],"_links":{"self":[{"href":"https:\/\/www.esteri.it\/it\/wp-json\/wp\/v2\/posts\/22922","targetHints":{"allow":["GET"]}}],"collection":[{"href":"https:\/\/www.esteri.it\/it\/wp-json\/wp\/v2\/posts"}],"about":[{"href":"https:\/\/www.esteri.it\/it\/wp-json\/wp\/v2\/types\/post"}],"author":[{"embeddable":true,"href":"https:\/\/www.esteri.it\/it\/wp-json\/wp\/v2\/users\/1"}],"replies":[{"embeddable":true,"href":"https:\/\/www.esteri.it\/it\/wp-json\/wp\/v2\/comments?post=22922"}],"version-history":[{"count":0,"href":"https:\/\/www.esteri.it\/it\/wp-json\/wp\/v2\/posts\/22922\/revisions"}],"wp:attachment":[{"href":"https:\/\/www.esteri.it\/it\/wp-json\/wp\/v2\/media?parent=22922"}],"wp:term":[{"taxonomy":"category","embeddable":true,"href":"https:\/\/www.esteri.it\/it\/wp-json\/wp\/v2\/categories?post=22922"},{"taxonomy":"post_tag","embeddable":true,"href":"https:\/\/www.esteri.it\/it\/wp-json\/wp\/v2\/tags?post=22922"}],"curies":[{"name":"wp","href":"https:\/\/api.w.org\/{rel}","templated":true}]}}