{"id":22928,"date":"2020-09-01T09:37:41","date_gmt":"2020-09-01T07:37:41","guid":{"rendered":"https:\/\/www.esteri.it\/sala_stampa\/archivionotizie\/comunicati\/2020\/09\/scalfarotto-tribunale-dei-brevetti-milano-candidatura-piu-solida-per-l-italia-il-sole-24-ore\/"},"modified":"2020-09-01T09:37:41","modified_gmt":"2020-09-01T07:37:41","slug":"scalfarotto-tribunale-dei-brevetti-milano-candidatura-piu-solida-per-l-italia-il-sole-24-ore","status":"publish","type":"post","link":"https:\/\/www.esteri.it\/it\/sala_stampa\/archivionotizie\/interviste\/2020\/09\/scalfarotto-tribunale-dei-brevetti-milano-candidatura-piu-solida-per-l-italia-il-sole-24-ore\/","title":{"rendered":"Scalfarotto: Tribunale dei Brevetti, Milano candidatura pi\u00f9 solida per l&#8217;Italia (Il Sole 24 ORE)"},"content":{"rendered":"<p>Il dibattito politico si \u00e8 (finalmente, mi sento di dire) animato in questi ultimi giorni sul tema della candidatura italiana per subentrare a Londra come una delle tre Divisioni centrali del Tribunale Unificato dei Brevetti che, a seguito della Brexit, dovr\u00e0 trasferirsi in una nuova sede europea. Nel dibattito in corso c&#8217;\u00e8 un aspetto centrale che riguarda le modalit\u00e0 di scelta della citt\u00e0 da candidare, sul quale nelle scorse settimane con una lettera ho voluto formalmente attrarre l&#8217;attenzione dei nostri vertici di Governo, e sul quale vorrei suggerire un supplemento di riflessione, in particolare in vista della riunione &#8220;tecnica&#8221; del 10 settembre prossimo che potrebbe rivelarsi decisiva per il destino del Tub.<\/p>\n<p>Nel 2012, al momento di individuare le 3 sedi delle Divisioni Centrali del Tub, venne utilizzato il criterio rappresentato dal numero di brevetti registrati nei vari Paesi europei finendo per premiare la Germania (Monaco di Baviera), il Regno Unito (Londra) e la Francia (Parigi). Si tratt\u00f2 tuttavia di una decisione valida per quel momento, che non prevedeva un meccanismo scritto e automatico in base al quale l&#8217;allora quarto Paese classificato (l&#8217;Italia) avrebbe potuto successivamente subentrare ad uno dei tre Paesi &#8220;vincitori&#8221; in caso di loro rinuncia. Se l&#8217;accordo istitutivo avesse previsto un meccanismo di questo tipo, avremmo forse potuto scegliere discrezionalmente fino all&#8217;ultimo minuto tra Milano, Torino o altre citt\u00e0, ma non purtroppo \u00e8 cos\u00ec. Nel momento in cui la Brexit (che nel 2012 nessuno poteva prevedere) si \u00e8 verificata e Londra \u00e8 rimasta esclusa, la partita \u00e8 tornata al punto di partenza e si giocher\u00e0 ora sul terreno della politica: intesa per\u00f2 come politica estera, non interna. Se vorr\u00e0 vedersi assegnare la sede del Tub, l&#8217;Italia dovr\u00e0 affrontare una sfida a tutto campo, usando ogni strumento a disposizione a partire ovviamente dalle relazioni con gli altri Stati coinvolti e da una collaborazione stretta tra settore pubblico e privato. Ma in primo luogo dovremo presentare una candidatura solida e all&#8217;altezza della competizione che si prevede con i Paesi europei che gi\u00e0 ospitano una delle Divisioni Centrali (e che potrebbero semplicemente puntare a spartirsi le &#8220;spoglie&#8221; della sede di Londra) o altri che potrebbero ritenere di avere candidature all&#8217;altezza del compito. Per vincere questa competizione dovremo sicuramente attrezzarci, a partire dal candidare la citt\u00e0 italiana che pi\u00f9 sembri attrezzata a centrare l&#8217;obiettivo della possibile ricollocazione del Tribunale.<\/p>\n<p>Mi permetto a questo punto di esprimere una valutazione tutta personale e che sicuramente non impegna il governo che dovr\u00e0 prendere la decisione finale nella sua collegialit\u00e0: senza nulla togliere a Torino, territorio fondamentale per la nostra economia e che in numerosi settori vanta indubbiamente delle punte di eccellenza assoluta, mi pare di poter affermare che Milano appaia la scelta probabilmente pi\u00f9 solida per questo specifico tipo di competizione. Non solo \u00e8 la citt\u00e0 che si \u00e8 mossa per prima e con maggiore concretezza, avendo presentato da tempo un dossier di candidatura completo ed articolato, ma \u00e8 anche la sede in grado di mettere sul piatto della bilancia, nel possibile confronto, tutta una serie di aspetti quali il numero di brevetti registrati nel territorio, le strutture disponibili e la ricettivit\u00e0, la presenza di multinazionali (in particolare farmaceutiche vista la competenza specifica della divisione di Londra proprio sul settore farmaceutico), i collegamenti terrestri e aerei e la presenza in loco di un ufficio distaccato del Tub.<\/p>\n<p>Oltre ad individuare la candidatura pi\u00f9 convincente, per\u00f2, se vorremo portare in Italia la sede londinese del Tribunale, dovremo prestare la dovuta attenzione alla tempistica. Presentarsi senza avere una candidatura all&#8217;appuntamento del 10 settembre, dopo aver avuto a disposizione mesi preziosi per elaborare una linea chiara, ci espone (a mio parere inutilmente) a tutta una serie di rischi. Preso infatti atto dell&#8217;impossibilit\u00e0 di un ulteriore rinvio, anche a causa delle richieste delle imprese europee che giustamente premono per una entrata in vigore quanto prima del sistema unificato dei brevetti, in assenza di nostre indicazioni chiare, potremmo trovarci alla riunione tecnica di settembre scavalcati da proposte ufficiali di altri Paesi europei in grado di aprire la strada a vari scenari, nessuno dei quali sarebbe favorevole all&#8217;Italia. A quel punto, se il Governo non sar\u00e0 stato in grado di effettuare una scelta chiara e credibile, il dibattito interno su Milano o Torino rischia di trasformarsi in una irrilevante polemica politica interna della quale altri Paesi finiranno con il beneficiare.<\/p>\n","protected":false},"excerpt":{"rendered":"Il dibattito politico si \u00e8 (finalmente, mi sento di dire) animato in questi ultimi giorni sul tema della candidatura italiana per subentrare a Londra come una delle tre Divisioni centrali del Tribunale Unificato dei Brevetti che, a seguito della Brexit, dovr\u00e0 trasferirsi in una nuova sede europea. Nel dibattito in corso c&#8217;\u00e8 un aspetto centrale [&hellip;]","protected":false},"author":1,"featured_media":0,"comment_status":"","ping_status":"","sticky":false,"template":"","format":"standard","meta":{"footnotes":""},"categories":[23],"tags":[42,399],"class_list":["post-22928","post","type-post","status-publish","format-standard","hentry","category-interviste","tag-unione-europea","tag-vice-ministri-e-sottosegretari-precedenti"],"_links":{"self":[{"href":"https:\/\/www.esteri.it\/it\/wp-json\/wp\/v2\/posts\/22928","targetHints":{"allow":["GET"]}}],"collection":[{"href":"https:\/\/www.esteri.it\/it\/wp-json\/wp\/v2\/posts"}],"about":[{"href":"https:\/\/www.esteri.it\/it\/wp-json\/wp\/v2\/types\/post"}],"author":[{"embeddable":true,"href":"https:\/\/www.esteri.it\/it\/wp-json\/wp\/v2\/users\/1"}],"replies":[{"embeddable":true,"href":"https:\/\/www.esteri.it\/it\/wp-json\/wp\/v2\/comments?post=22928"}],"version-history":[{"count":0,"href":"https:\/\/www.esteri.it\/it\/wp-json\/wp\/v2\/posts\/22928\/revisions"}],"wp:attachment":[{"href":"https:\/\/www.esteri.it\/it\/wp-json\/wp\/v2\/media?parent=22928"}],"wp:term":[{"taxonomy":"category","embeddable":true,"href":"https:\/\/www.esteri.it\/it\/wp-json\/wp\/v2\/categories?post=22928"},{"taxonomy":"post_tag","embeddable":true,"href":"https:\/\/www.esteri.it\/it\/wp-json\/wp\/v2\/tags?post=22928"}],"curies":[{"name":"wp","href":"https:\/\/api.w.org\/{rel}","templated":true}]}}